{"id":26731,"date":"2026-04-30T22:09:08","date_gmt":"2026-05-01T02:09:08","guid":{"rendered":"https:\/\/ermdigital.com\/?p=26731"},"modified":"2026-04-30T22:09:08","modified_gmt":"2026-05-01T02:09:08","slug":"jce-extiende-plazo-para-renovar-cedula-a-nacidos-en-abril-hasta-el-11-de-mayo","status":"publish","type":"post","link":"https:\/\/ermdigital.com\/jce-extiende-plazo-para-renovar-cedula-a-nacidos-en-abril-hasta-el-11-de-mayo\/","title":{"rendered":"JCE extiende plazo para renovar c\u00e9dula a nacidos en abril hasta el 11 de mayo\u00a0"},"content":{"rendered":"<p>&lt;![CDATA[<\/p>\n<p>La <b>Junta Central Electoral <\/b>(JCE) inform\u00f3 este jueves que las personas nacidas en el mes de abril podr\u00e1n renovar su c\u00e9dula de identidad y electoral hasta el pr\u00f3ximo 11 de mayo.<\/p>\n<p><a href=\"https:\/\/listindiario.com\/la-republica\/20260430\/jce-extiende-plazo-renovar-cedula-nacidos-abril-11-mayo_903984.html\">wf_cms.rss.read_more<\/a><\/p>\n<p>]]&gt;<\/p>\n<p>\u200bLa instituci\u00f3n explic\u00f3 a trav\u00e9s de un comunicado que la medida responde a que la jornada de cedulaci\u00f3n inici\u00f3 el pasado 12 de abril, con el objetivo de facilitar que quienes cumplen a\u00f1os en ese mes completen su proceso de renovaci\u00f3n dentro del calendario establecido.\u00a0\u00a0La Rep\u00fablica\u00a0<\/p>\n","protected":false},"excerpt":{"rendered":"<p>&lt;![CDATA[ La Junta Central Electoral (JCE) inform\u00f3 este jueves que las personas nacidas en el mes de abril podr\u00e1n renovar su c\u00e9dula de identidad y electoral hasta el pr\u00f3ximo 11 de mayo. wf_cms.rss.read_more ]]&gt; \u200bLa instituci\u00f3n explic\u00f3 a trav\u00e9s de un comunicado que la medida responde a que la jornada de cedulaci\u00f3n inici\u00f3 el pasado [&hellip;]<\/p>\n","protected":false},"author":1,"featured_media":26732,"comment_status":"open","ping_status":"open","sticky":false,"template":"","format":"standard","meta":{"amp_status":"","footnotes":""},"categories":[5],"tags":[],"class_list":["post-26731","post","type-post","status-publish","format-standard","has-post-thumbnail","hentry","category-politica"],"_links":{"self":[{"href":"https:\/\/ermdigital.com\/wp-json\/wp\/v2\/posts\/26731","targetHints":{"allow":["GET"]}}],"collection":[{"href":"https:\/\/ermdigital.com\/wp-json\/wp\/v2\/posts"}],"about":[{"href":"https:\/\/ermdigital.com\/wp-json\/wp\/v2\/types\/post"}],"author":[{"embeddable":true,"href":"https:\/\/ermdigital.com\/wp-json\/wp\/v2\/users\/1"}],"replies":[{"embeddable":true,"href":"https:\/\/ermdigital.com\/wp-json\/wp\/v2\/comments?post=26731"}],"version-history":[{"count":0,"href":"https:\/\/ermdigital.com\/wp-json\/wp\/v2\/posts\/26731\/revisions"}],"wp:featuredmedia":[{"embeddable":true,"href":"https:\/\/ermdigital.com\/wp-json\/wp\/v2\/media\/26732"}],"wp:attachment":[{"href":"https:\/\/ermdigital.com\/wp-json\/wp\/v2\/media?parent=26731"}],"wp:term":[{"taxonomy":"category","embeddable":true,"href":"https:\/\/ermdigital.com\/wp-json\/wp\/v2\/categories?post=26731"},{"taxonomy":"post_tag","embeddable":true,"href":"https:\/\/ermdigital.com\/wp-json\/wp\/v2\/tags?post=26731"}],"curies":[{"name":"wp","href":"https:\/\/api.w.org\/{rel}","templated":true}]}}