{"id":26729,"date":"2026-04-30T22:10:37","date_gmt":"2026-05-01T02:10:37","guid":{"rendered":"https:\/\/ermdigital.com\/?p=26729"},"modified":"2026-04-30T22:10:37","modified_gmt":"2026-05-01T02:10:37","slug":"presidente-de-ferries-del-caribe-salio-ileso-tras-accidente-aereo","status":"publish","type":"post","link":"https:\/\/ermdigital.com\/presidente-de-ferries-del-caribe-salio-ileso-tras-accidente-aereo\/","title":{"rendered":"Presidente de Ferries del Caribe sali\u00f3 ileso tras accidente a\u00e9reo\u00a0"},"content":{"rendered":"<p>&lt;![CDATA[<\/p>\n<p>La compa\u00f1\u00eda Ferries del Caribe inform\u00f3 que N\u00e9stor Gonz\u00e1lez, presidente de la empresa, junto al piloto, Alexander Santiago salieron ilesos luego de que el avi\u00f3n en que viajaban se <b>precipitara en el distrito municipal  de Cumayasa<\/b>, en La Caleta.<\/p>\n<p><a href=\"https:\/\/listindiario.com\/la-republica\/provincias\/20260430\/presidente-ferries-caribe-sale-ileso-accidente-aereo_903940.html\">wf_cms.rss.read_more<\/a><\/p>\n<p>]]&gt;<\/p>\n<p>\u200b\"Gracias a Dios, tanto el se\u00f1or Gonz\u00e1lez como su piloto, \u00fanicos ocupantes de la nave resultaron ilesos, en estos momentos se encuentran junto a sus familiares, en excelente estado de salud\", dijo la empresa.\u00a0\u00a0Provincias\u00a0<\/p>\n","protected":false},"excerpt":{"rendered":"<p>&lt;![CDATA[ La compa\u00f1\u00eda Ferries del Caribe inform\u00f3 que N\u00e9stor Gonz\u00e1lez, presidente de la empresa, junto al piloto, Alexander Santiago salieron ilesos luego de que el avi\u00f3n en que viajaban se precipitara en el distrito municipal de Cumayasa, en La Caleta. wf_cms.rss.read_more ]]&gt; \u200b\"Gracias a Dios, tanto el se\u00f1or Gonz\u00e1lez como su piloto, \u00fanicos ocupantes de [&hellip;]<\/p>\n","protected":false},"author":1,"featured_media":26730,"comment_status":"open","ping_status":"open","sticky":false,"template":"","format":"standard","meta":{"amp_status":"","footnotes":""},"categories":[5],"tags":[],"class_list":["post-26729","post","type-post","status-publish","format-standard","has-post-thumbnail","hentry","category-politica"],"_links":{"self":[{"href":"https:\/\/ermdigital.com\/wp-json\/wp\/v2\/posts\/26729","targetHints":{"allow":["GET"]}}],"collection":[{"href":"https:\/\/ermdigital.com\/wp-json\/wp\/v2\/posts"}],"about":[{"href":"https:\/\/ermdigital.com\/wp-json\/wp\/v2\/types\/post"}],"author":[{"embeddable":true,"href":"https:\/\/ermdigital.com\/wp-json\/wp\/v2\/users\/1"}],"replies":[{"embeddable":true,"href":"https:\/\/ermdigital.com\/wp-json\/wp\/v2\/comments?post=26729"}],"version-history":[{"count":0,"href":"https:\/\/ermdigital.com\/wp-json\/wp\/v2\/posts\/26729\/revisions"}],"wp:featuredmedia":[{"embeddable":true,"href":"https:\/\/ermdigital.com\/wp-json\/wp\/v2\/media\/26730"}],"wp:attachment":[{"href":"https:\/\/ermdigital.com\/wp-json\/wp\/v2\/media?parent=26729"}],"wp:term":[{"taxonomy":"category","embeddable":true,"href":"https:\/\/ermdigital.com\/wp-json\/wp\/v2\/categories?post=26729"},{"taxonomy":"post_tag","embeddable":true,"href":"https:\/\/ermdigital.com\/wp-json\/wp\/v2\/tags?post=26729"}],"curies":[{"name":"wp","href":"https:\/\/api.w.org\/{rel}","templated":true}]}}