{"id":26723,"date":"2026-04-30T11:04:10","date_gmt":"2026-04-30T15:04:10","guid":{"rendered":"https:\/\/ermdigital.com\/?p=26723"},"modified":"2026-04-30T11:04:10","modified_gmt":"2026-04-30T15:04:10","slug":"raphy-pina-le-responde-a-quienes-critican-que-lleve-a-su-hija-de-4-anos-a-premiaciones","status":"publish","type":"post","link":"https:\/\/ermdigital.com\/raphy-pina-le-responde-a-quienes-critican-que-lleve-a-su-hija-de-4-anos-a-premiaciones\/","title":{"rendered":"Raphy Pina le responde a quienes critican que lleve a su hija de 4 a\u00f1os a premiaciones"},"content":{"rendered":"<p>&lt;![CDATA[<\/p>\n<p>El productor musical <b>Raphy Pina<\/b>,\u00a0fundador del sello discogr\u00e1fico<b> Pina Records<\/b>, respondi\u00f3 al comentario de una seguidora que cuestion\u00f3 la presencia de su hija <b>Vida Isabelle<\/b>, de 4 a\u00f1os, en las premiaciones.<\/p>\n<p><a href=\"https:\/\/listindiario.com\/entretenimiento\/farandula\/20260430\/raphy-pina-le-responde-quienes-critican-lleve-hija-4-anos-premiaciones_903883.html\">wf_cms.rss.read_more<\/a><\/p>\n<p>]]&gt;<\/p>\n<p>\u200b\u200bA trav\u00e9s de su cuenta de Instagram, Pina comparti\u00f3 una resumen de su paso por la gala de Billboard Mujeres Latinas en la M\u00fasica 2026 junto a su prometida, la cantante dominicana Natti Natasha, y la ni\u00f1a de ambos, quien tambi\u00e9n los acompa\u00f1\u00f3 a la pasada edici\u00f3n de Premio Lo Nuestro en febrero y Premios Juventud en septiembre de 2025.\u00a0\u00a0Far\u00e1ndula\u00a0<\/p>\n","protected":false},"excerpt":{"rendered":"<p>&lt;![CDATA[ El productor musical Raphy Pina,\u00a0fundador del sello discogr\u00e1fico Pina Records, respondi\u00f3 al comentario de una seguidora que cuestion\u00f3 la presencia de su hija Vida Isabelle, de 4 a\u00f1os, en las premiaciones. wf_cms.rss.read_more ]]&gt; \u200b\u200bA trav\u00e9s de su cuenta de Instagram, Pina comparti\u00f3 una resumen de su paso por la gala de Billboard Mujeres Latinas [&hellip;]<\/p>\n","protected":false},"author":1,"featured_media":26559,"comment_status":"open","ping_status":"open","sticky":false,"template":"","format":"standard","meta":{"amp_status":"","footnotes":""},"categories":[9],"tags":[],"class_list":["post-26723","post","type-post","status-publish","format-standard","has-post-thumbnail","hentry","category-espectaculo"],"_links":{"self":[{"href":"https:\/\/ermdigital.com\/wp-json\/wp\/v2\/posts\/26723","targetHints":{"allow":["GET"]}}],"collection":[{"href":"https:\/\/ermdigital.com\/wp-json\/wp\/v2\/posts"}],"about":[{"href":"https:\/\/ermdigital.com\/wp-json\/wp\/v2\/types\/post"}],"author":[{"embeddable":true,"href":"https:\/\/ermdigital.com\/wp-json\/wp\/v2\/users\/1"}],"replies":[{"embeddable":true,"href":"https:\/\/ermdigital.com\/wp-json\/wp\/v2\/comments?post=26723"}],"version-history":[{"count":0,"href":"https:\/\/ermdigital.com\/wp-json\/wp\/v2\/posts\/26723\/revisions"}],"wp:featuredmedia":[{"embeddable":true,"href":"https:\/\/ermdigital.com\/wp-json\/wp\/v2\/media\/26559"}],"wp:attachment":[{"href":"https:\/\/ermdigital.com\/wp-json\/wp\/v2\/media?parent=26723"}],"wp:term":[{"taxonomy":"category","embeddable":true,"href":"https:\/\/ermdigital.com\/wp-json\/wp\/v2\/categories?post=26723"},{"taxonomy":"post_tag","embeddable":true,"href":"https:\/\/ermdigital.com\/wp-json\/wp\/v2\/tags?post=26723"}],"curies":[{"name":"wp","href":"https:\/\/api.w.org\/{rel}","templated":true}]}}