{"id":26715,"date":"2026-04-30T19:21:57","date_gmt":"2026-04-30T23:21:57","guid":{"rendered":"https:\/\/ermdigital.com\/?p=26715"},"modified":"2026-04-30T19:21:57","modified_gmt":"2026-04-30T23:21:57","slug":"maradona-era-bipolar-y-tenia-trastorno-narcisista","status":"publish","type":"post","link":"https:\/\/ermdigital.com\/?p=26715","title":{"rendered":"Maradona era \"bipolar\" y ten\u00eda \"trastorno narcisista\""},"content":{"rendered":"<p>\u00a0\u00a0<\/p>\n<p><strong>Diego Maradona<\/strong> era <strong>bipolar<\/strong> y ten\u00eda \"un <strong>trastorno narcisista<\/strong> de la personalidad\", declar\u00f3 este jueves su <strong>psic\u00f3logo<\/strong> en una audiencia del juicio en Argentina contra <strong>siete profesionales<\/strong> de la salud por la <strong>muerte<\/strong> del astro del f\u00fatbol a los 60 a\u00f1os.<\/p>\n<p>\"Ac\u00e1 existe un cuadro: una <strong>adicci\u00f3n<\/strong>, un trastorno <strong>bipolar<\/strong> y un trastorno de la personalidad. Son las tres condiciones cr\u00f3nicas, toda la vida\", dijo el <strong>psic\u00f3logo<\/strong> imputado <strong>Carlos D\u00edaz<\/strong>, quien cont\u00f3 en la sala que trataba al \"Diez\" desde 29 d\u00edas antes de su <strong>muerte<\/strong> el 25 de noviembre de 2020.<\/p>\n<p>Los <strong>allegados de Maradona<\/strong> \"me dijeron que sus <strong>consumos<\/strong> estaban muy asociados a <strong>logros deportivos<\/strong> y que cuando hab\u00eda alguna frustraci\u00f3n no sab\u00eda c\u00f3mo lidiar con ello\", prosigui\u00f3 el profesional.<\/p>\n<p>Es la primera vez que se expresa de forma tan p\u00fablica un <strong>diagn\u00f3stico<\/strong> de <strong>trastornos de salud mental<\/strong> del campe\u00f3n del mundo con Argentina en 1986. Sus adicciones s\u00ed eran conocidas, en particular a la coca\u00edna y al alcohol.<\/p>\n<p>El <strong>juicio en San Isidro<\/strong>, 30 km al norte de Buenos Aires, busca determinar la responsabilidad del <strong>equipo m\u00e9dico<\/strong> en el fallecimiento de <strong>Maradona<\/strong> cuando convalec\u00eda de una neurocirug\u00eda sin complicaciones en una casa rentada para tal prop\u00f3sito.<\/p>\n<p>Las <strong>audiencias<\/strong> comenzaron hace <strong>dos semanas<\/strong> y se llevan a cabo los <strong>martes y jueves<\/strong>.<\/p>\n<p>D\u00edaz narr\u00f3 que hab\u00eda conocido a exfutbolista el <strong>26 de octubre de 2020<\/strong>. \"Recuerdo que <strong>Maradona<\/strong> estaba sentado en un sill\u00f3n bebiendo <strong>vino<\/strong>. La primera imagen que vi me impact\u00f3 mucho porque me record\u00f3 a mi padre, tambi\u00e9n alcoh\u00f3lico, que hab\u00eda muerto hac\u00eda unos meses\", narr\u00f3.<\/p>\n<p>\"Detect\u00e9 que ten\u00eda un real <strong>deseo de cambio<\/strong>, estaba comprometido\", prosigui\u00f3. El <strong>psic\u00f3logo<\/strong> le explic\u00f3 luego -dijo- , que \"lo que funcionaba era un <strong>modelo abstencionista<\/strong>\".<\/p>\n<p><strong>Siete profesionales<\/strong> -un m\u00e9dico, una psiquiatra, un <strong>psic\u00f3logo<\/strong> y enfermeros- son <strong>acusados<\/strong> de <strong>homicidio con dolo eventual<\/strong>, lo que quiere decir que eran conscientes de que su accionar pod\u00eda provocar la <strong>muerte<\/strong>.<\/p>\n<p>Los <strong>imputados<\/strong> defienden su <strong>inocencia<\/strong>, mientras la querella busca demostrar que ni las <strong>condiciones de internaci\u00f3n<\/strong> ni los cuidados fueron id\u00f3neos.<\/p>\n<p><strong>Maradona<\/strong> muri\u00f3 de un <strong>paro cardiorrespiratorio<\/strong>.<\/p>\n<p>mry-lm\/nn<\/p>\n<div class=\"border-t border-b py-2 my-5 tags-container\"><strong>TEMAS &#8211; <\/strong><\/p>\n<ul>\n<li>\n<div class=\"inline-block border p-2 rounded-full align-middle\">\n<p><a href=\"https:\/\/www.diariolibre.com\/tags\/maradona\/4050\" title=\"Maradona\">Maradona<\/a><\/p>\n<\/div>\n<\/li>\n<li>\n<div class=\"inline-block border p-2 rounded-full align-middle\">\n<p><a href=\"https:\/\/www.diariolibre.com\/tags\/diego-armando-maradona\/1295\" title=\"Diego Armando Maradona\">Diego Armando Maradona<\/a><\/p>\n<\/div>\n<\/li>\n<\/ul>\n<\/div>\n<p>\u00a0<\/p>\n","protected":false},"excerpt":{"rendered":"<p>\u00a0\u00a0 Diego Maradona era bipolar y ten\u00eda \"un trastorno narcisista de la personalidad\", declar\u00f3 este jueves su psic\u00f3logo en una audiencia del juicio en Argentina contra siete profesionales de la salud por la muerte del astro del f\u00fatbol a los 60 a\u00f1os. \"Ac\u00e1 existe un cuadro: una adicci\u00f3n, un trastorno bipolar y un trastorno de [&hellip;]<\/p>\n","protected":false},"author":1,"featured_media":26706,"comment_status":"open","ping_status":"open","sticky":false,"template":"","format":"standard","meta":{"amp_status":"","footnotes":""},"categories":[4],"tags":[],"class_list":["post-26715","post","type-post","status-publish","format-standard","has-post-thumbnail","hentry","category-deportes"],"_links":{"self":[{"href":"https:\/\/ermdigital.com\/index.php?rest_route=\/wp\/v2\/posts\/26715","targetHints":{"allow":["GET"]}}],"collection":[{"href":"https:\/\/ermdigital.com\/index.php?rest_route=\/wp\/v2\/posts"}],"about":[{"href":"https:\/\/ermdigital.com\/index.php?rest_route=\/wp\/v2\/types\/post"}],"author":[{"embeddable":true,"href":"https:\/\/ermdigital.com\/index.php?rest_route=\/wp\/v2\/users\/1"}],"replies":[{"embeddable":true,"href":"https:\/\/ermdigital.com\/index.php?rest_route=%2Fwp%2Fv2%2Fcomments&post=26715"}],"version-history":[{"count":0,"href":"https:\/\/ermdigital.com\/index.php?rest_route=\/wp\/v2\/posts\/26715\/revisions"}],"wp:featuredmedia":[{"embeddable":true,"href":"https:\/\/ermdigital.com\/index.php?rest_route=\/wp\/v2\/media\/26706"}],"wp:attachment":[{"href":"https:\/\/ermdigital.com\/index.php?rest_route=%2Fwp%2Fv2%2Fmedia&parent=26715"}],"wp:term":[{"taxonomy":"category","embeddable":true,"href":"https:\/\/ermdigital.com\/index.php?rest_route=%2Fwp%2Fv2%2Fcategories&post=26715"},{"taxonomy":"post_tag","embeddable":true,"href":"https:\/\/ermdigital.com\/index.php?rest_route=%2Fwp%2Fv2%2Ftags&post=26715"}],"curies":[{"name":"wp","href":"https:\/\/api.w.org\/{rel}","templated":true}]}}