{"id":26703,"date":"2026-04-30T18:21:51","date_gmt":"2026-04-30T22:21:51","guid":{"rendered":"https:\/\/ermdigital.com\/?p=26703"},"modified":"2026-04-30T18:21:51","modified_gmt":"2026-04-30T22:21:51","slug":"fifa-infantino-impulsa-su-reeleccion-en-fifa-tras-apoyo-asia-y-africa","status":"publish","type":"post","link":"https:\/\/ermdigital.com\/?p=26703","title":{"rendered":"FIFA: Infantino impulsa su reelecci\u00f3n en FIFA tras apoyo Asia y \u00c1frica"},"content":{"rendered":"<p>\u00a0\u00a0<\/p>\n<p>Las esperanzas del presidente de la <strong>FIFA<\/strong>, <strong>Gianni Infantino<\/strong>, de asegurarse su <strong>reelecci\u00f3n<\/strong> como m\u00e1ximo responsable del f\u00fatbol mundial recibieron un fuerte impulso este jueves, tras las promesas de apoyo de las confederaciones de \u00c1frica y Asia.<\/p>\n<p>La Confederaci\u00f3n Africana de F\u00fatbol (<strong>CAF<\/strong>) y la <strong>Confederaci\u00f3n Asi\u00e1tica de F\u00fatbol<\/strong> (<strong>AFC<\/strong>) declararon que respaldar\u00e1n a <strong>Infantino<\/strong>, quien confirm\u00f3 este jueves en el Congreso de la <strong>FIFA<\/strong> en Vancouver que buscar\u00e1 su <strong>reelecci\u00f3n<\/strong> en 2027.<\/p>\n<p>En un breve comunicado tras una reuni\u00f3n previa a la cita en la ciudad del oeste canadiense, la <strong>CAF<\/strong> se\u00f1al\u00f3 que hab\u00eda \"<strong>acordado por unanimidad<\/strong>\" apoyar a <strong>Infantino<\/strong> cuando \u00e9ste se presente para un nuevo mandato al frente de la <strong>FIFA<\/strong>.<\/p>\n<p>La <strong>Confederaci\u00f3n Asi\u00e1tica de F\u00fatbol<\/strong> tambi\u00e9n <strong>prometi\u00f3 apoyar<\/strong> al mandatario italo-suizo de 56 a\u00f1os.<\/p>\n<p>\"La <strong>FIFA<\/strong> se encuentra en su mejor situaci\u00f3n de la historia y ofrecemos nuestro continuo y total apoyo a (<strong>Infantino<\/strong>) como candidato a presidente de la <strong>FIFA<\/strong> para el <strong>periodo 2027-2031<\/strong>, tal como la <strong>AFC<\/strong> y el f\u00fatbol asi\u00e1tico lo han respaldado siempre desde su elecci\u00f3n en <strong>2016<\/strong>\", dijo el presidente de la <strong>AFC<\/strong>, el jeque Salman bin Ebrahim Al Khalifa, en un comunicado.<\/p>\n<p>Las <strong>confederaciones africana y asi\u00e1tica<\/strong> suman <strong>101 votos<\/strong> en la elecci\u00f3n presidencial de la <strong>FIFA<\/strong>, de un total de 211.<\/p>\n<p><strong>Infantino<\/strong> ya ha asegurado el apoyo para su <strong>reelecci\u00f3n<\/strong> del organismo rector del f\u00fatbol sudamericano, la Conmebol, que aporta otros <strong>10 votos<\/strong>.<\/p>\n<p>El patr\u00f3n del f\u00fatbol asumi\u00f3 la presidencia de la <strong>FIFA<\/strong> en <strong>2016<\/strong>, a ra\u00edz del esc\u00e1ndalo de corrupci\u00f3n que provoc\u00f3 la ca\u00edda de su predecesor, Joseph Blatter. Posteriormente fue reelegido para el cargo en 2019 y 2023.<\/p>\n<p>Aunque los estatutos de la <strong>FIFA<\/strong> limitan a sus presidentes a <strong>tres mandatos<\/strong> en el cargo, <strong>Infantino<\/strong> puede presentarse a la <strong>reelecci\u00f3n<\/strong> el pr\u00f3ximo a\u00f1o despu\u00e9s de que el organismo dictaminara que su <strong>primer mandato parcial<\/strong>, de <strong>2016<\/strong> a 2019, tras la destituci\u00f3n de Blatter, no contaba para el total.<\/p>\n<p>El dirigente se ha visto envuelto en pol\u00e9micas durante sus administraciones por sus estrechos v\u00ednculos con el presidente de Estados Unidos, Donald Trump, quien recibi\u00f3 el primer <strong>Premio de la Paz<\/strong> de la <strong>FIFA<\/strong> durante el sorteo del Mundial 2026 en diciembre en Washington.<\/p>\n<p>Eso llev\u00f3 a que el a\u00f1o pasado el grupo de defensa de los derechos humanos <strong>FairSquare<\/strong> presentara una <strong>queja formal<\/strong> ante la <strong>comisi\u00f3n de \u00e9tica<\/strong> de la <strong>FIFA<\/strong>, por considerar que el galard\u00f3n vulnera las normas del organismo futbol\u00edstico sobre neutralidad pol\u00edtica.<\/p>\n<p><strong>Infantino<\/strong> tambi\u00e9n ha sido criticado por iniciativas de su gesti\u00f3n que han incluido la ampliaci\u00f3n del Mundial a <strong>48 selecciones<\/strong> y el lanzamiento el a\u00f1o pasado del renovado <strong>Mundial de Clubes<\/strong> con 32 equipos.<\/p>\n<p>El dirigente italo-suizo, sin embargo, ha registrado <strong>ingresos r\u00e9cord<\/strong> durante su mandato y se espera que el Mundial de este a\u00f1o genere unos 13.000 millones de d\u00f3lares.<\/p>\n<p>Bajo su gesti\u00f3n, la <strong>FIFA<\/strong> ha incrementado de forma notable la financiaci\u00f3n distribuida a las 211 asociaciones miembro a trav\u00e9s de su <strong>Programa Forward<\/strong>, una iniciativa destinada al desarrollo del balompi\u00e9.<\/p>\n<div class=\"w-full pt-2 float-left inside-related\"><strong>RELACIONADAS<\/strong><\/p>\n<article class=\"flex flex-wrap border-b pb-4 mb-3 inline-block\">\n<div class=\"xl:w-2\/12 w-4\/12\">\n<figure class=\"mb-0\"><img loading=\"lazy\" decoding=\"async\" src=\"https:\/\/resources.diariolibre.com\/images\/2026\/04\/02\/mundial-de-futbol-2026-james-rodriguez-hospitalizado-en-eeuu-b224bb7d-focus-min0.03-0.48-149-99.jpg\" width=\"149\" height=\"99\" title=\"El colombiano James Rodr\u00edguez, hospitalizado en EEUU por deshidrataci\u00f3n severa\" alt=\"El colombiano James Rodr\u00edguez, hospitalizado en EEUU por deshidrataci\u00f3n severa\" class=\"object-cover\" \/><\/figure>\n<\/div>\n<\/article>\n<article class=\"flex flex-wrap border-b pb-4 mb-3 inline-block\">\n<div class=\"xl:w-2\/12 w-4\/12\">\n<figure class=\"mb-0\"><img loading=\"lazy\" decoding=\"async\" src=\"https:\/\/resources.diariolibre.com\/images\/2026\/04\/15\/mundial-2026-deschamps-confirma-la-baja-de-ekitike-con-francia-791f6db5-focus-0.01-0.62-149-99.jpg\" width=\"149\" height=\"99\" title=\"Deschamps confirma la baja de Ekitik\u00e9 con Francia para el Mundial 2026\" alt=\"Deschamps confirma la baja de Ekitik\u00e9 con Francia para el Mundial 2026\" class=\"object-cover\" \/><\/figure>\n<\/div>\n<\/article>\n<article class=\"flex flex-wrap border-b pb-4 mb-3 inline-block\">\n<div class=\"xl:w-2\/12 w-4\/12\">\n<figure class=\"mb-0\"><img loading=\"lazy\" decoding=\"async\" src=\"https:\/\/resources.diariolibre.com\/images\/2026\/04\/29\/mundial-2026-fifa-aumenta-los-montos-a-repartir-88c988fc-focus-0-0-149-99.jpg\" width=\"149\" height=\"99\" title=\"La FIFA aumenta los montos a repartir por el Mundial 2026\" alt=\"La FIFA aumenta los montos a repartir por el Mundial 2026\" class=\"object-cover\" \/><\/figure>\n<\/div>\n<\/article>\n<\/div>\n<p>En el ciclo <strong>2027-2030<\/strong>, el \u00f3rgano se ha comprometido a distribuir unos 2.700 millones de d\u00f3lares a sus miembros, un aumento de ocho veces en comparaci\u00f3n con hace 10 a\u00f1os.<\/p>\n<p>rcw\/gj\/raa\/dr\/ma<\/p>\n<div class=\"border-t border-b py-2 my-5 tags-container\"><strong>TEMAS &#8211; <\/strong><\/p>\n<ul>\n<li><\/li>\n<li>\n<div class=\"inline-block border p-2 rounded-full align-middle\">\n<p><a href=\"https:\/\/www.diariolibre.com\/tags\/gianni-infantino\/1900\" title=\"Gianni Infantino\">Gianni Infantino<\/a><\/p>\n<\/div>\n<\/li>\n<li>\n<div class=\"inline-block border p-2 rounded-full align-middle\">\n<p><a href=\"https:\/\/www.diariolibre.com\/tags\/confederacion-asiatica-de-futbol\/379053\" title=\"Confederaci\u00f3n Asi\u00e1tica de F\u00fatbol\">Confederaci\u00f3n Asi\u00e1tica de F\u00fatbol<\/a><\/p>\n<\/div>\n<\/li>\n<\/ul>\n<\/div>\n<p>\u00a0<\/p>\n","protected":false},"excerpt":{"rendered":"<p>\u00a0\u00a0 Las esperanzas del presidente de la FIFA, Gianni Infantino, de asegurarse su reelecci\u00f3n como m\u00e1ximo responsable del f\u00fatbol mundial recibieron un fuerte impulso este jueves, tras las promesas de apoyo de las confederaciones de \u00c1frica y Asia. La Confederaci\u00f3n Africana de F\u00fatbol (CAF) y la Confederaci\u00f3n Asi\u00e1tica de F\u00fatbol (AFC) declararon que respaldar\u00e1n a [&hellip;]<\/p>\n","protected":false},"author":1,"featured_media":26704,"comment_status":"open","ping_status":"open","sticky":false,"template":"","format":"standard","meta":{"amp_status":"","footnotes":""},"categories":[4],"tags":[],"class_list":["post-26703","post","type-post","status-publish","format-standard","has-post-thumbnail","hentry","category-deportes"],"_links":{"self":[{"href":"https:\/\/ermdigital.com\/index.php?rest_route=\/wp\/v2\/posts\/26703","targetHints":{"allow":["GET"]}}],"collection":[{"href":"https:\/\/ermdigital.com\/index.php?rest_route=\/wp\/v2\/posts"}],"about":[{"href":"https:\/\/ermdigital.com\/index.php?rest_route=\/wp\/v2\/types\/post"}],"author":[{"embeddable":true,"href":"https:\/\/ermdigital.com\/index.php?rest_route=\/wp\/v2\/users\/1"}],"replies":[{"embeddable":true,"href":"https:\/\/ermdigital.com\/index.php?rest_route=%2Fwp%2Fv2%2Fcomments&post=26703"}],"version-history":[{"count":0,"href":"https:\/\/ermdigital.com\/index.php?rest_route=\/wp\/v2\/posts\/26703\/revisions"}],"wp:featuredmedia":[{"embeddable":true,"href":"https:\/\/ermdigital.com\/index.php?rest_route=\/wp\/v2\/media\/26704"}],"wp:attachment":[{"href":"https:\/\/ermdigital.com\/index.php?rest_route=%2Fwp%2Fv2%2Fmedia&parent=26703"}],"wp:term":[{"taxonomy":"category","embeddable":true,"href":"https:\/\/ermdigital.com\/index.php?rest_route=%2Fwp%2Fv2%2Fcategories&post=26703"},{"taxonomy":"post_tag","embeddable":true,"href":"https:\/\/ermdigital.com\/index.php?rest_route=%2Fwp%2Fv2%2Ftags&post=26703"}],"curies":[{"name":"wp","href":"https:\/\/api.w.org\/{rel}","templated":true}]}}