{"id":26698,"date":"2026-04-30T17:00:06","date_gmt":"2026-04-30T21:00:06","guid":{"rendered":"https:\/\/ermdigital.com\/?p=26698"},"modified":"2026-04-30T17:00:06","modified_gmt":"2026-04-30T21:00:06","slug":"miley-cyrus-agradece-a-su-padre-por-protegerla-de-hollywood-cuando-era-nina","status":"publish","type":"post","link":"https:\/\/ermdigital.com\/?p=26698","title":{"rendered":"Miley Cyrus agradece a su padre por protegerla de Hollywood cuando era ni\u00f1a"},"content":{"rendered":"<p>&lt;![CDATA[<\/p>\n<p>A 20 a\u00f1os de la creaci\u00f3n de la serie de Disney <b>\"Hannah Montana\"<\/b>,\u00a0<b>Miley Cyrus<\/b>\u00a0celebr\u00f3 con una emisi\u00f3n especial el aniversario del programa de televisi\u00f3n del cual, a pesar de los altibajos que ha enfrentado su relaci\u00f3n familiar, la cantante y actriz atribuye a su padre, <b>Billy Ray Cyrus<\/b>, parte de su \u00e9xito.\u00a0<\/p>\n<p><a href=\"https:\/\/listindiario.com\/entretenimiento\/cine\/20260430\/miley-cyrus-agradece-padre-haberla-protegido-hollywood-nina_903926.html\">wf_cms.rss.read_more<\/a><\/p>\n<p>]]&gt;<\/p>\n<p>\u200bLa artista cont\u00f3 que fue su madre, Tish Cyrus, quien convenci\u00f3 a Billy Ray para que audicionara y consiguiera un papel en la serie, donde por cuatro temporadas interpretaron a padre e hija.\u00a0\u00a0Cine\u00a0<\/p>\n","protected":false},"excerpt":{"rendered":"<p>&lt;![CDATA[ A 20 a\u00f1os de la creaci\u00f3n de la serie de Disney \"Hannah Montana\",\u00a0Miley Cyrus\u00a0celebr\u00f3 con una emisi\u00f3n especial el aniversario del programa de televisi\u00f3n del cual, a pesar de los altibajos que ha enfrentado su relaci\u00f3n familiar, la cantante y actriz atribuye a su padre, Billy Ray Cyrus, parte de su \u00e9xito.\u00a0 wf_cms.rss.read_more ]]&gt; [&hellip;]<\/p>\n","protected":false},"author":1,"featured_media":26699,"comment_status":"open","ping_status":"open","sticky":false,"template":"","format":"standard","meta":{"amp_status":"","footnotes":""},"categories":[9],"tags":[],"class_list":["post-26698","post","type-post","status-publish","format-standard","has-post-thumbnail","hentry","category-espectaculo"],"_links":{"self":[{"href":"https:\/\/ermdigital.com\/index.php?rest_route=\/wp\/v2\/posts\/26698","targetHints":{"allow":["GET"]}}],"collection":[{"href":"https:\/\/ermdigital.com\/index.php?rest_route=\/wp\/v2\/posts"}],"about":[{"href":"https:\/\/ermdigital.com\/index.php?rest_route=\/wp\/v2\/types\/post"}],"author":[{"embeddable":true,"href":"https:\/\/ermdigital.com\/index.php?rest_route=\/wp\/v2\/users\/1"}],"replies":[{"embeddable":true,"href":"https:\/\/ermdigital.com\/index.php?rest_route=%2Fwp%2Fv2%2Fcomments&post=26698"}],"version-history":[{"count":0,"href":"https:\/\/ermdigital.com\/index.php?rest_route=\/wp\/v2\/posts\/26698\/revisions"}],"wp:featuredmedia":[{"embeddable":true,"href":"https:\/\/ermdigital.com\/index.php?rest_route=\/wp\/v2\/media\/26699"}],"wp:attachment":[{"href":"https:\/\/ermdigital.com\/index.php?rest_route=%2Fwp%2Fv2%2Fmedia&parent=26698"}],"wp:term":[{"taxonomy":"category","embeddable":true,"href":"https:\/\/ermdigital.com\/index.php?rest_route=%2Fwp%2Fv2%2Fcategories&post=26698"},{"taxonomy":"post_tag","embeddable":true,"href":"https:\/\/ermdigital.com\/index.php?rest_route=%2Fwp%2Fv2%2Ftags&post=26698"}],"curies":[{"name":"wp","href":"https:\/\/api.w.org\/{rel}","templated":true}]}}