{"id":26685,"date":"2026-04-30T16:26:40","date_gmt":"2026-04-30T20:26:40","guid":{"rendered":"https:\/\/ermdigital.com\/?p=26685"},"modified":"2026-04-30T16:26:40","modified_gmt":"2026-04-30T20:26:40","slug":"ministerio-de-salud-fortalece-esquema-de-vacunacion-infantil-con-vacuna-tetravalente-acelular","status":"publish","type":"post","link":"https:\/\/ermdigital.com\/?p=26685","title":{"rendered":"Ministerio de Salud fortalece esquema de vacunaci\u00f3n infantil con vacuna tetravalente acelular"},"content":{"rendered":"<p><span class=\"field field--name-title field--type-string field--label-hidden\">Ministerio de Salud fortalece esquema de vacunaci\u00f3n infantil con vacuna tetravalente acelular   <\/span><br \/>\n<span class=\"field field--name-uid field--type-entity-reference field--label-hidden\"><span>yamellrossi<\/span><\/span><br \/>\n<span class=\"field field--name-created field--type-created field--label-hidden\"><time datetime=\"2026-04-30T16:26:40-04:00\" title=\"Jueves, Abril 30, 2026 - 16:26\" class=\"datetime\">30 de  Abril 2026 | 16:26<\/time><br \/>\n<\/span><\/p>\n<div class=\"clearfix text-formatted field field--name-body field--type-text-with-summary field--label-hidden field__item\">\n<p class=\"text-align-justify\"><span>Santo Domingo.\u2013 Con el objetivo de proteger la salud de la ni\u00f1ez, el <strong>Ministerio de Salud <\/strong>introdujo la<strong>\u00a0vacuna tetravalente acelular<\/strong>\u00a0al <strong>esquema nacional de vacunaci\u00f3n<\/strong>, como parte de las actividades de la <strong>24.\u00aa Semana de Vacunaci\u00f3n en las Am\u00e9ricas (SVA) 2026 y la 15.\u00aa Semana Mundial de la Inmunizaci\u00f3n.<\/strong><\/span><\/p>\n<p class=\"text-align-justify\"><span>Este biol\u00f3gico, que <strong>se aplicar\u00e1 de forma gratuita<\/strong>, permite proteger, en <strong>una sola dosis, contra difteria, t\u00e9tanos, tos ferina y polio<\/strong>, facilitando el acceso y completando el esquema de vacunaci\u00f3n contra estas enfermedades en <strong>ni\u00f1os menores de 5 a\u00f1os<\/strong>, iniciado con la hexavalente acelular, una medida que impacta directamente en la <strong>reducci\u00f3n de enfermedades prevenibles.<\/strong><\/span><\/p>\n<p class=\"text-align-justify\"><span>El ministro de Salud, <strong>V\u00edctor Atallah<\/strong>, destac\u00f3 que esta vacuna representa un paso importante para garantizar <strong>una cobertura m\u00e1s equitativa <\/strong>y fortalecer la <strong>protecci\u00f3n de la infancia<\/strong>, como parte de un esfuerzo sostenido del Gobierno para <strong>garantizar el derecho a la salud, reducir riesgos y salvar vidas.<\/strong><\/span><\/p>\n<p class=\"text-align-justify\"><em><span>\u201cIncorporar esta vacuna significa m\u00e1s acceso, m\u00e1s protecci\u00f3n y menos riesgos para la ni\u00f1ez, especialmente en los sectores m\u00e1s vulnerables. Nos permite ampliar la protecci\u00f3n y facilitar que m\u00e1s infantes completen su vacunaci\u00f3n a tiempo\u201d.<\/span><\/em><\/p>\n<p class=\"text-align-justify\"><span>De su lado, el director ejecutivo del Servicio Nacional de Salud (SNS), <strong>Julio Landr\u00f3n,<\/strong>\u00a0consider\u00f3 que la vacunaci\u00f3n es un <strong>pilar fundamental para la prevenci\u00f3n de enfermedades<\/strong>\u00a0y la protecci\u00f3n de vidas.<\/span><\/p>\n<p class=\"text-align-justify\"><em><span>\u201cAsumimos con responsabilidad nuestro rol en el fortalecimiento del Programa de Inmunizaci\u00f3n, trabajando de manera continua para garantizar que cada ni\u00f1a, ni\u00f1o y ciudadano acceda de forma oportuna y equitativa a las vacunas que requiere\u201d,<\/span><\/em><span>\u00a0asegur\u00f3.<\/span><\/p>\n<p class=\"text-align-justify\"><span>La representante de la Organizaci\u00f3n Panamericana de la Salud, <strong>Alba Mar\u00eda Ropero \u00c1lvarez, felicit\u00f3 al pa\u00eds<\/strong>\u00a0por la r\u00e1pida incorporaci\u00f3n de nuevos biol\u00f3gicos y los avances hacia los <strong>Objetivos de Desarrollo Sostenible<\/strong>\u00a0para reducir la mortalidad neonatal, destacando la cobertura de vacunaci\u00f3n, aunque persisten desaf\u00edos.<\/span><\/p>\n<p class=\"text-align-justify\"><em><span>\u201cFelicito al pa\u00eds por proteger sus logros de vacunaci\u00f3n y la r\u00e1pida incorporaci\u00f3n de biol\u00f3gicos; aunque persisten desaf\u00edos, como mejorar la adherencia en embarazadas, clave para reducir la mortalidad neonatal. En ese sentido, incorporar la vacuna contra el virus sincitial respiratorio tendr\u00eda un impacto significativo\u201d,<\/span><\/em><span>\u00a0dijo Ropero.<\/span><\/p>\n<p class=\"text-align-justify\"><span>La directora de Inmunoprevenibles por Vacunas (DIV), <strong>Aida Luc\u00eda Vargas<\/strong>, destac\u00f3 los <strong>avances en vacunas, as\u00ed como el apoyo de la OPS y de los equipos t\u00e9cnicos.<\/strong><\/span><\/p>\n<p class=\"text-align-justify\"><span>Durante la actividad, <strong>se reconoci\u00f3 a personalidades y colaboradores<\/strong>\u00a0por su apoyo a la promoci\u00f3n de la vacunaci\u00f3n y al fortalecimiento del programa de inmunizaci\u00f3n.<\/span><\/p>\n<p class=\"text-align-justify\"><span>Bajo el <strong>lema \u201cTu decisi\u00f3n marca la diferencia. Inmunizaci\u00f3n para todos\u201d,<\/strong>\u00a0la jornada contempla acciones intensivas de <strong>vacunaci\u00f3n en comunidades, con \u00e9nfasis en ni\u00f1os menores de siete a\u00f1os y en zonas de dif\u00edcil acceso<\/strong>, a trav\u00e9s de m\u00e1s de 1,350 puestos fijos, brigadas m\u00f3viles y visitas domiciliarias.<\/span><\/p>\n<p class=\"text-align-justify\"><span>El lanzamiento se realiz\u00f3 en el <strong>Hospital Pedi\u00e1trico Robert Reid Cabral, <\/strong>donde la directora del centro, <strong>Mabel Jones<\/strong>, agradeci\u00f3 la incorporaci\u00f3n de la vacuna en un hospital que recibe en consulta a <strong>unos 3,000 ni\u00f1os por mes.<\/strong><\/span><\/p>\n<\/div>\n<div class=\"field field--name-field-image field--type-image field--label-hidden field__item\">  <img decoding=\"async\" loading=\"lazy\" src=\"https:\/\/www.presidencia.gob.do\/sites\/default\/files\/news\/2026-04\/1001585490.jpg\" width=\"1600\" height=\"1066\" alt=\"Presidente \"><\/p>\n<\/div>\n<p>\u00a0Ministerio de Salud fortalece esquema de vacunaci\u00f3n infantil con vacuna tetravalente acelular<br \/>\nyamellrossi<br \/>\n30 de  Abril 2026 | 16:26<\/p>\n<p>            Santo Domingo.\u2013 Con el objetivo de proteger la salud de la ni\u00f1ez, el Ministerio de Salud introdujo la\u00a0vacuna tetravalente acelular\u00a0al esquema nacional de vacunaci\u00f3n, como parte de las actividades de la 24.\u00aa Semana de Vacunaci\u00f3n en las Am\u00e9ricas (SVA) 2026 y la 15.\u00aa Semana Mundial de la Inmunizaci\u00f3n.<br \/>\nEste biol\u00f3gico, que se aplicar\u00e1 de forma gratuita, permite proteger, en una sola dosis, contra difteria, t\u00e9tanos, tos ferina y polio, facilitando el acceso y completando el esquema de vacunaci\u00f3n contra estas enfermedades en ni\u00f1os menores de 5 a\u00f1os, iniciado con la hexavalente acelular, una medida que impacta directamente en la reducci\u00f3n de enfermedades prevenibles.<br \/>\nEl ministro de Salud, V\u00edctor Atallah, destac\u00f3 que esta vacuna representa un paso importante para garantizar una cobertura m\u00e1s equitativa y fortalecer la protecci\u00f3n de la infancia, como parte de un esfuerzo sostenido del Gobierno para garantizar el derecho a la salud, reducir riesgos y salvar vidas.<br \/>\n\u201cIncorporar esta vacuna significa m\u00e1s acceso, m\u00e1s protecci\u00f3n y menos riesgos para la ni\u00f1ez, especialmente en los sectores m\u00e1s vulnerables. Nos permite ampliar la protecci\u00f3n y facilitar que m\u00e1s infantes completen su vacunaci\u00f3n a tiempo\u201d.<br \/>\nDe su lado, el director ejecutivo del Servicio Nacional de Salud (SNS), Julio Landr\u00f3n,\u00a0consider\u00f3 que la vacunaci\u00f3n es un pilar fundamental para la prevenci\u00f3n de enfermedades\u00a0y la protecci\u00f3n de vidas.<br \/>\n\u201cAsumimos con responsabilidad nuestro rol en el fortalecimiento del Programa de Inmunizaci\u00f3n, trabajando de manera continua para garantizar que cada ni\u00f1a, ni\u00f1o y ciudadano acceda de forma oportuna y equitativa a las vacunas que requiere\u201d,\u00a0asegur\u00f3.<br \/>\nLa representante de la Organizaci\u00f3n Panamericana de la Salud, Alba Mar\u00eda Ropero \u00c1lvarez, felicit\u00f3 al pa\u00eds\u00a0por la r\u00e1pida incorporaci\u00f3n de nuevos biol\u00f3gicos y los avances hacia los Objetivos de Desarrollo Sostenible\u00a0para reducir la mortalidad neonatal, destacando la cobertura de vacunaci\u00f3n, aunque persisten desaf\u00edos.<br \/>\n\u201cFelicito al pa\u00eds por proteger sus logros de vacunaci\u00f3n y la r\u00e1pida incorporaci\u00f3n de biol\u00f3gicos; aunque persisten desaf\u00edos, como mejorar la adherencia en embarazadas, clave para reducir la mortalidad neonatal. En ese sentido, incorporar la vacuna contra el virus sincitial respiratorio tendr\u00eda un impacto significativo\u201d,\u00a0dijo Ropero.<br \/>\nLa directora de Inmunoprevenibles por Vacunas (DIV), Aida Luc\u00eda Vargas, destac\u00f3 los avances en vacunas, as\u00ed como el apoyo de la OPS y de los equipos t\u00e9cnicos.<br \/>\nDurante la actividad, se reconoci\u00f3 a personalidades y colaboradores\u00a0por su apoyo a la promoci\u00f3n de la vacunaci\u00f3n y al fortalecimiento del programa de inmunizaci\u00f3n.<br \/>\nBajo el lema \u201cTu decisi\u00f3n marca la diferencia. Inmunizaci\u00f3n para todos\u201d,\u00a0la jornada contempla acciones intensivas de vacunaci\u00f3n en comunidades, con \u00e9nfasis en ni\u00f1os menores de siete a\u00f1os y en zonas de dif\u00edcil acceso, a trav\u00e9s de m\u00e1s de 1,350 puestos fijos, brigadas m\u00f3viles y visitas domiciliarias.<br \/>\nEl lanzamiento se realiz\u00f3 en el Hospital Pedi\u00e1trico Robert Reid Cabral, donde la directora del centro, Mabel Jones, agradeci\u00f3 la incorporaci\u00f3n de la vacuna en un hospital que recibe en consulta a unos 3,000 ni\u00f1os por mes.\u00a0\u00a0\u00a0<\/p>\n","protected":false},"excerpt":{"rendered":"<p>Ministerio de Salud fortalece esquema de vacunaci\u00f3n infantil con vacuna tetravalente acelular yamellrossi 30 de Abril 2026 | 16:26 Santo Domingo.\u2013 Con el objetivo de proteger la salud de la ni\u00f1ez, el Ministerio de Salud introdujo la\u00a0vacuna tetravalente acelular\u00a0al esquema nacional de vacunaci\u00f3n, como parte de las actividades de la 24.\u00aa Semana de Vacunaci\u00f3n en [&hellip;]<\/p>\n","protected":false},"author":1,"featured_media":26686,"comment_status":"open","ping_status":"open","sticky":false,"template":"","format":"standard","meta":{"amp_status":"","footnotes":""},"categories":[8],"tags":[],"class_list":["post-26685","post","type-post","status-publish","format-standard","has-post-thumbnail","hentry","category-republica"],"_links":{"self":[{"href":"https:\/\/ermdigital.com\/index.php?rest_route=\/wp\/v2\/posts\/26685","targetHints":{"allow":["GET"]}}],"collection":[{"href":"https:\/\/ermdigital.com\/index.php?rest_route=\/wp\/v2\/posts"}],"about":[{"href":"https:\/\/ermdigital.com\/index.php?rest_route=\/wp\/v2\/types\/post"}],"author":[{"embeddable":true,"href":"https:\/\/ermdigital.com\/index.php?rest_route=\/wp\/v2\/users\/1"}],"replies":[{"embeddable":true,"href":"https:\/\/ermdigital.com\/index.php?rest_route=%2Fwp%2Fv2%2Fcomments&post=26685"}],"version-history":[{"count":0,"href":"https:\/\/ermdigital.com\/index.php?rest_route=\/wp\/v2\/posts\/26685\/revisions"}],"wp:featuredmedia":[{"embeddable":true,"href":"https:\/\/ermdigital.com\/index.php?rest_route=\/wp\/v2\/media\/26686"}],"wp:attachment":[{"href":"https:\/\/ermdigital.com\/index.php?rest_route=%2Fwp%2Fv2%2Fmedia&parent=26685"}],"wp:term":[{"taxonomy":"category","embeddable":true,"href":"https:\/\/ermdigital.com\/index.php?rest_route=%2Fwp%2Fv2%2Fcategories&post=26685"},{"taxonomy":"post_tag","embeddable":true,"href":"https:\/\/ermdigital.com\/index.php?rest_route=%2Fwp%2Fv2%2Ftags&post=26685"}],"curies":[{"name":"wp","href":"https:\/\/api.w.org\/{rel}","templated":true}]}}