{"id":26660,"date":"2026-04-30T15:29:26","date_gmt":"2026-04-30T19:29:26","guid":{"rendered":"https:\/\/ermdigital.com\/?p=26660"},"modified":"2026-04-30T15:29:26","modified_gmt":"2026-04-30T19:29:26","slug":"advierten-calor-extremo-para-este-verano-sensacion-termica-podria-superar-los-42-grados-en-rd","status":"publish","type":"post","link":"https:\/\/ermdigital.com\/?p=26660","title":{"rendered":"Advierten calor extremo para este verano; sensaci\u00f3n t\u00e9rmica podr\u00eda superar los 42 grados en RD\u00a0"},"content":{"rendered":"<p>&lt;![CDATA[<\/p>\n<p>La altas temperaturas que en los \u00faltimos d\u00edas afectan a la poblaci\u00f3n dominicana es solo el principio de lo que podr\u00eda esperarse para este verano, en el que los expertos vaticinan  la influencia del fen\u00f3meno El Ni\u00f1o, que trae menos lluvias y m\u00e1s calor.<\/p>\n<p><a href=\"https:\/\/listindiario.com\/la-republica\/20260430\/advierten-calor-extremo-verano-sensacion-termica-superar-42-grados_903911.html\">wf_cms.rss.read_more<\/a><\/p>\n<p>]]&gt;<\/p>\n<p>\u200bRep\u00fablica Dominicana tendr\u00e1 un verano m\u00e1s caluroso de lo normal y menor actividad cicl\u00f3nica\u00a0\u00a0La Rep\u00fablica\u00a0<\/p>\n","protected":false},"excerpt":{"rendered":"<p>&lt;![CDATA[ La altas temperaturas que en los \u00faltimos d\u00edas afectan a la poblaci\u00f3n dominicana es solo el principio de lo que podr\u00eda esperarse para este verano, en el que los expertos vaticinan la influencia del fen\u00f3meno El Ni\u00f1o, que trae menos lluvias y m\u00e1s calor. wf_cms.rss.read_more ]]&gt; \u200bRep\u00fablica Dominicana tendr\u00e1 un verano m\u00e1s caluroso de [&hellip;]<\/p>\n","protected":false},"author":1,"featured_media":26661,"comment_status":"open","ping_status":"open","sticky":false,"template":"","format":"standard","meta":{"amp_status":"","footnotes":""},"categories":[5],"tags":[],"class_list":["post-26660","post","type-post","status-publish","format-standard","has-post-thumbnail","hentry","category-politica"],"_links":{"self":[{"href":"https:\/\/ermdigital.com\/index.php?rest_route=\/wp\/v2\/posts\/26660","targetHints":{"allow":["GET"]}}],"collection":[{"href":"https:\/\/ermdigital.com\/index.php?rest_route=\/wp\/v2\/posts"}],"about":[{"href":"https:\/\/ermdigital.com\/index.php?rest_route=\/wp\/v2\/types\/post"}],"author":[{"embeddable":true,"href":"https:\/\/ermdigital.com\/index.php?rest_route=\/wp\/v2\/users\/1"}],"replies":[{"embeddable":true,"href":"https:\/\/ermdigital.com\/index.php?rest_route=%2Fwp%2Fv2%2Fcomments&post=26660"}],"version-history":[{"count":0,"href":"https:\/\/ermdigital.com\/index.php?rest_route=\/wp\/v2\/posts\/26660\/revisions"}],"wp:featuredmedia":[{"embeddable":true,"href":"https:\/\/ermdigital.com\/index.php?rest_route=\/wp\/v2\/media\/26661"}],"wp:attachment":[{"href":"https:\/\/ermdigital.com\/index.php?rest_route=%2Fwp%2Fv2%2Fmedia&parent=26660"}],"wp:term":[{"taxonomy":"category","embeddable":true,"href":"https:\/\/ermdigital.com\/index.php?rest_route=%2Fwp%2Fv2%2Fcategories&post=26660"},{"taxonomy":"post_tag","embeddable":true,"href":"https:\/\/ermdigital.com\/index.php?rest_route=%2Fwp%2Fv2%2Ftags&post=26660"}],"curies":[{"name":"wp","href":"https:\/\/api.w.org\/{rel}","templated":true}]}}