{"id":26658,"date":"2026-04-30T16:17:35","date_gmt":"2026-04-30T20:17:35","guid":{"rendered":"https:\/\/ermdigital.com\/?p=26658"},"modified":"2026-04-30T16:17:35","modified_gmt":"2026-04-30T20:17:35","slug":"juez-mantiene-prision-preventiva-a-santiago-hazim-y-otros-seis-imputados-en-caso-senasa","status":"publish","type":"post","link":"https:\/\/ermdigital.com\/?p=26658","title":{"rendered":"Juez mantiene prisi\u00f3n preventiva a Santiago Hazim y otros seis imputados en caso Senasa\u00a0"},"content":{"rendered":"<p>&lt;![CDATA[<\/p>\n<p>El juez Deiby Timoteo Peguero, del S\u00e9ptimo Juzgado de la Instrucci\u00f3n del Distrito Nacional, ratific\u00f3 la prisi\u00f3n preventiva en contra de Santiago Hazim, y otros siete imputados vinculados al desfalco del Seguro Nacional de Salud (Senasa).<\/p>\n<p><a href=\"https:\/\/listindiario.com\/la-republica\/justicia\/20260430\/juez-mantiene-prision-preventiva-santiago-hazim-otros-seis-imputados-caso-senasa_903916.html\">wf_cms.rss.read_more<\/a><\/p>\n<p>]]&gt;<\/p>\n<p>\u200bEn ese sentido, dispuso el mantenimiento en prisi\u00f3n de Santiago Hazim, Rafael Luis Mart\u00ednez Hazim, Gustavo Enrique Messina Cruz, Germ\u00e1n Rafael Robles Qui\u00f1ones, Francisco Iv\u00e1n Minaya P\u00e9rez, Ram\u00f3n Alan Spiekler Mateo y Ada Ledesma\u00a0\u00a0Justicia\u00a0<\/p>\n","protected":false},"excerpt":{"rendered":"<p>&lt;![CDATA[ El juez Deiby Timoteo Peguero, del S\u00e9ptimo Juzgado de la Instrucci\u00f3n del Distrito Nacional, ratific\u00f3 la prisi\u00f3n preventiva en contra de Santiago Hazim, y otros siete imputados vinculados al desfalco del Seguro Nacional de Salud (Senasa). wf_cms.rss.read_more ]]&gt; \u200bEn ese sentido, dispuso el mantenimiento en prisi\u00f3n de Santiago Hazim, Rafael Luis Mart\u00ednez Hazim, Gustavo [&hellip;]<\/p>\n","protected":false},"author":1,"featured_media":26659,"comment_status":"open","ping_status":"open","sticky":false,"template":"","format":"standard","meta":{"amp_status":"","footnotes":""},"categories":[5],"tags":[],"class_list":["post-26658","post","type-post","status-publish","format-standard","has-post-thumbnail","hentry","category-politica"],"_links":{"self":[{"href":"https:\/\/ermdigital.com\/index.php?rest_route=\/wp\/v2\/posts\/26658","targetHints":{"allow":["GET"]}}],"collection":[{"href":"https:\/\/ermdigital.com\/index.php?rest_route=\/wp\/v2\/posts"}],"about":[{"href":"https:\/\/ermdigital.com\/index.php?rest_route=\/wp\/v2\/types\/post"}],"author":[{"embeddable":true,"href":"https:\/\/ermdigital.com\/index.php?rest_route=\/wp\/v2\/users\/1"}],"replies":[{"embeddable":true,"href":"https:\/\/ermdigital.com\/index.php?rest_route=%2Fwp%2Fv2%2Fcomments&post=26658"}],"version-history":[{"count":0,"href":"https:\/\/ermdigital.com\/index.php?rest_route=\/wp\/v2\/posts\/26658\/revisions"}],"wp:featuredmedia":[{"embeddable":true,"href":"https:\/\/ermdigital.com\/index.php?rest_route=\/wp\/v2\/media\/26659"}],"wp:attachment":[{"href":"https:\/\/ermdigital.com\/index.php?rest_route=%2Fwp%2Fv2%2Fmedia&parent=26658"}],"wp:term":[{"taxonomy":"category","embeddable":true,"href":"https:\/\/ermdigital.com\/index.php?rest_route=%2Fwp%2Fv2%2Fcategories&post=26658"},{"taxonomy":"post_tag","embeddable":true,"href":"https:\/\/ermdigital.com\/index.php?rest_route=%2Fwp%2Fv2%2Ftags&post=26658"}],"curies":[{"name":"wp","href":"https:\/\/api.w.org\/{rel}","templated":true}]}}