{"id":26652,"date":"2026-04-30T15:20:26","date_gmt":"2026-04-30T19:20:26","guid":{"rendered":"https:\/\/ermdigital.com\/?p=26652"},"modified":"2026-04-30T15:20:26","modified_gmt":"2026-04-30T19:20:26","slug":"german-ortega-lidera-la-nueva-etapa-gastronomica-de-bevir-by-lopesan","status":"publish","type":"post","link":"https:\/\/ermdigital.com\/?p=26652","title":{"rendered":"Germ\u00e1n Ortega lidera la nueva etapa gastron\u00f3mica de Bevir by Lopesan"},"content":{"rendered":"<p><em>Con la pasi\u00f3n y profesionalidad que caracteriza a este chef, Bevir by Lopesan se consolida como un proyecto estrat\u00e9gico orientado a ofrecer una experiencia gastron\u00f3mica sofisticada, donde la excelencia t\u00e9cnica y la autenticidad del producto ser\u00e1n primordiales.<\/em><\/p>\n<p>El chef ejecutivo Germ\u00e1n Ortega, oriundo de Gran Canaria, inicia una nueva etapa profesional al asumir la direcci\u00f3n culinaria de Bevir by Lopesan a partir de junio de 2026.<\/p>\n<p>Con una trayectoria de 14 a\u00f1os al frente del Restaurante La Aquarela \u2014distinguido con una estrella Michelin\u2014, Ortega se incorpora al objetivo de consolidar y elevar la propuesta gastron\u00f3mica del Lopesan Costa Meloneras Resort &amp; Spa.<\/p>\n<p><img loading=\"lazy\" decoding=\"async\" class=\"alignnone size-medium wp-image-25822\" src=\"https:\/\/adompretur.com\/wp-content\/uploads\/2026\/04\/German-Ortega_Chef-ejecutivo-Bevir-by-Lopesan-1-300x200.jpg\" alt=\"\" width=\"300\" height=\"200\"><\/p>\n<p><em>El chef ejecutivo Germ\u00e1n Ortega feliz con su nuevo desaf\u00edo en Bevir by Lopesan. Fuente externa\u00a0<\/em><\/p>\n<p data-start=\"550\" data-end=\"1069\">Desde su reapertura en junio de 2025, en el sur de Gran Canaria, Bevir ha logrado posicionarse como una referencia emergente en la escena culinaria del archipi\u00e9lago, siendo reconocido como restaurante recomendado en la Gu\u00eda Michelin.<\/p>\n<p>\u201cLa incorporaci\u00f3n de Germ\u00e1n Ortega representa un paso estrat\u00e9gico en la evoluci\u00f3n de nuestro modelo gastron\u00f3mico\u201d, afirm\u00f3 el director general de Lopesan Hotel Group, Jos\u00e9 Alba, quien destac\u00f3 que su llegada refuerza el compromiso del grupo con la calidad y la competitividad a nivel internacional.<\/p>\n<p data-start=\"1369\" data-end=\"1791\">Alba destac\u00f3 que Lopesan Hotel Group sigue apostando por la experiencia y visi\u00f3n de Ortega para dar un paso m\u00e1s hacia la excelencia, con la meta de recuperar la estrella obtenida en su anterior etapa en la capital y proyectar la identidad canaria dentro de los est\u00e1ndares de la alta cocina contempor\u00e1nea.<\/p>\n<p data-start=\"1071\" data-end=\"1367\"><strong>Pasi\u00f3n por la gastronom\u00eda<\/strong><\/p>\n<p data-start=\"1071\" data-end=\"1367\"><img loading=\"lazy\" decoding=\"async\" class=\"alignnone size-medium wp-image-25821\" src=\"https:\/\/adompretur.com\/wp-content\/uploads\/2026\/04\/German-Ortega_Chef-ejecutivo-Bevir-by-Lopesan_03-300x200.jpg\" alt=\"\" width=\"300\" height=\"200\"><\/p>\n<p>Germ\u00e1n Ortega ha construido una carrera en Espa\u00f1a, Suecia y el Reino Unido, trabajando junto a figuras de renombre como Ferran Adri\u00e0, Laurent Tassel y Andrew Hamer. Su paso por cocinas de prestigio \u2014incluyendo espacios con reconocimiento Michelin\u2014 ha definido un estilo culinario contempor\u00e1neo, con fuerte influencia europea y un profundo respeto por el producto local.<\/p>\n<p data-start=\"1793\" data-end=\"2144\">Su propuesta en Bevir estar\u00e1 centrada en una cocina que equilibra t\u00e9cnica y sabor, con el mar como hilo conductor y una clara apuesta por los ingredientes del territorio. La narrativa gastron\u00f3mica buscar\u00e1 conectar los productos del Atl\u00e1ntico con los cultivos locales, ofreciendo una interpretaci\u00f3n actual que respeta la tradici\u00f3n culinaria de la isla.<\/p>\n<p data-start=\"2146\" data-end=\"2554\">El restaurante permanecer\u00e1 cerrado del 18 de mayo al 3 de junio, periodo en el que el chef desarrollar\u00e1 una nueva oferta basada en tres men\u00fas degustaci\u00f3n, en el cual pondr\u00e1 \u00e9nfasis en productos como la sama roquera, el camar\u00f3n de Mog\u00e1n, el carabinero, el medregal o el at\u00fan rojo, junto a ingredientes identitarios como el queso de las median\u00edas, el gofio y el almogrote, reinterpretados bajo una visi\u00f3n contempor\u00e1nea.<\/p>\n<p data-start=\"2556\" data-end=\"2999\">Uno de los pilares del proyecto seguir\u00e1 siendo la Finca de Veneguera, enclave agr\u00edcola con m\u00e1s de un siglo de historia ubicado en el Parque Rural del Nublo. Este espacio garantizar\u00e1 el abastecimiento de productos propios, asegurando estacionalidad, calidad y trazabilidad. En conjunto, el 85 % de los ingredientes utilizados ser\u00e1n de origen local, mientras que el resto corresponder\u00e1 a una selecci\u00f3n de productos internacionales de alta calidad.<\/p>\n<p data-start=\"3001\" data-end=\"3252\">En el \u00e1rea de sala y bodega, el restaurante continuar\u00e1 contando con Diego Tornel, quien recientemente fue reconocido como \u201cMejor Sumiller de Espa\u00f1a 2026\u201d, cuya experiencia es clave para mantener una propuesta de maridaje a la altura de la nueva etapa culinaria.<\/p>\n<p data-start=\"3254\" data-end=\"3525\">\n<p>La entrada <a href=\"https:\/\/adompretur.com\/2026\/04\/30\/german-ortega-lidera-la-nueva-etapa-gastronomica-de-bevir-by-lopesan\/\">Germ\u00e1n Ortega lidera la nueva etapa gastron\u00f3mica de Bevir by Lopesan<\/a> se public\u00f3 primero en <a href=\"https:\/\/adompretur.com\/\">ADOMPRETUR<\/a>.<\/p>\n<p>\u200bCon la pasi\u00f3n y profesionalidad que caracteriza a este chef, Bevir by Lopesan se consolida como un proyecto estrat\u00e9gico orientado a ofrecer una experiencia gastron\u00f3mica sofisticada, donde la excelencia t\u00e9cnica y la autenticidad del producto ser\u00e1n primordiales. El chef ejecutivo Germ\u00e1n Ortega, oriundo de Gran Canaria, inicia una nueva etapa profesional al asumir la direcci\u00f3n<br \/>\nLa entrada Germ\u00e1n Ortega lidera la nueva etapa gastron\u00f3mica de Bevir by Lopesan se public\u00f3 primero en ADOMPRETUR.\u00a0\u00a0Gastronom\u00eda, Hoteles, Internacionales\u00a0<\/p>\n","protected":false},"excerpt":{"rendered":"<p>Con la pasi\u00f3n y profesionalidad que caracteriza a este chef, Bevir by Lopesan se consolida como un proyecto estrat\u00e9gico orientado a ofrecer una experiencia gastron\u00f3mica sofisticada, donde la excelencia t\u00e9cnica y la autenticidad del producto ser\u00e1n primordiales. El chef ejecutivo Germ\u00e1n Ortega, oriundo de Gran Canaria, inicia una nueva etapa profesional al asumir la direcci\u00f3n [&hellip;]<\/p>\n","protected":false},"author":1,"featured_media":26653,"comment_status":"open","ping_status":"open","sticky":false,"template":"","format":"standard","meta":{"amp_status":"","footnotes":""},"categories":[24],"tags":[],"class_list":["post-26652","post","type-post","status-publish","format-standard","has-post-thumbnail","hentry","category-turismo"],"_links":{"self":[{"href":"https:\/\/ermdigital.com\/index.php?rest_route=\/wp\/v2\/posts\/26652","targetHints":{"allow":["GET"]}}],"collection":[{"href":"https:\/\/ermdigital.com\/index.php?rest_route=\/wp\/v2\/posts"}],"about":[{"href":"https:\/\/ermdigital.com\/index.php?rest_route=\/wp\/v2\/types\/post"}],"author":[{"embeddable":true,"href":"https:\/\/ermdigital.com\/index.php?rest_route=\/wp\/v2\/users\/1"}],"replies":[{"embeddable":true,"href":"https:\/\/ermdigital.com\/index.php?rest_route=%2Fwp%2Fv2%2Fcomments&post=26652"}],"version-history":[{"count":0,"href":"https:\/\/ermdigital.com\/index.php?rest_route=\/wp\/v2\/posts\/26652\/revisions"}],"wp:featuredmedia":[{"embeddable":true,"href":"https:\/\/ermdigital.com\/index.php?rest_route=\/wp\/v2\/media\/26653"}],"wp:attachment":[{"href":"https:\/\/ermdigital.com\/index.php?rest_route=%2Fwp%2Fv2%2Fmedia&parent=26652"}],"wp:term":[{"taxonomy":"category","embeddable":true,"href":"https:\/\/ermdigital.com\/index.php?rest_route=%2Fwp%2Fv2%2Fcategories&post=26652"},{"taxonomy":"post_tag","embeddable":true,"href":"https:\/\/ermdigital.com\/index.php?rest_route=%2Fwp%2Fv2%2Ftags&post=26652"}],"curies":[{"name":"wp","href":"https:\/\/api.w.org\/{rel}","templated":true}]}}