{"id":26648,"date":"2026-04-30T14:16:22","date_gmt":"2026-04-30T18:16:22","guid":{"rendered":"https:\/\/ermdigital.com\/?p=26648"},"modified":"2026-04-30T14:16:22","modified_gmt":"2026-04-30T18:16:22","slug":"gabinete-de-mujeres-adolescentes-y-ninas-aprueba-plan-para-combatir-la-violencia-de-genero-en-el-pais","status":"publish","type":"post","link":"https:\/\/ermdigital.com\/?p=26648","title":{"rendered":"Gabinete de Mujeres, Adolescentes y Ni\u00f1as aprueba plan para combatir la violencia de g\u00e9nero en el pa\u00eds"},"content":{"rendered":"<p><span class=\"field field--name-title field--type-string field--label-hidden\">Gabinete de Mujeres, Adolescentes y Ni\u00f1as aprueba plan para combatir la violencia de g\u00e9nero en el pa\u00eds<\/span><br \/>\n<span class=\"field field--name-uid field--type-entity-reference field--label-hidden\"><span>yamellrossi<\/span><\/span><br \/>\n<span class=\"field field--name-created field--type-created field--label-hidden\"><time datetime=\"2026-04-30T14:16:22-04:00\" title=\"Jueves, Abril 30, 2026 - 14:16\" class=\"datetime\">30 de  Abril 2026 | 14:16<\/time><br \/>\n<\/span><\/p>\n<div class=\"clearfix text-formatted field field--name-body field--type-text-with-summary field--label-hidden field__item\">\n<p dir=\"ltr\"><span>Santo Domingo.-\u00a0<\/span><strong>El Gabinete de Mujeres, Adolescentes y Ni\u00f1as<\/strong><span> aprob\u00f3 el\u00a0<\/span><strong>Plan Estrat\u00e9gico por una Vida Libre de Violencia,<\/strong><span> instrumento que articula la\u00a0<\/span><strong>acci\u00f3n del Estado<\/strong><span> para prevenir y atender la\u00a0<\/span><strong>violencia contra las mujeres, adolescentes y ni\u00f1as<\/strong><span>, y que marca el inicio de una fase de\u00a0<\/span><strong>seguimiento<\/strong><span> coordinado para su\u00a0<\/span><strong>implementaci\u00f3n<\/strong><span> a nivel nacional.<\/span><\/p>\n<p dir=\"ltr\"><span>Durante la sesi\u00f3n extraordinaria, encabezada por la ministra de la Mujer,\u00a0<\/span><strong>Gloria Reyes<\/strong><span>, y el ministro de Salud P\u00fablica y Asistencia Social, Dr.\u00a0<\/span><strong>V\u00edctor Atallah<\/strong><span>, se dejaron validados los aspectos necesarios para la puesta en marcha del plan, incluyendo la\u00a0<\/span><strong>priorizaci\u00f3n de<\/strong><span> acciones, la conformaci\u00f3n de\u00a0<\/span><strong>comisiones t\u00e9cnicas<\/strong><span> (mesas tem\u00e1ticas) y la definici\u00f3n de la\u00a0<\/span><strong>din\u00e1mica de trabajo<\/strong><span> como mecanismo de\u00a0<\/span><strong>articulaci\u00f3n interinstitucional<\/strong><span>.<\/span><\/p>\n<p dir=\"ltr\"><span>La ministra\u00a0<\/span><strong>Gloria Reyes<\/strong><span> destac\u00f3 que la aprobaci\u00f3n representa un\u00a0<\/span><strong>paso decisivo<\/strong><span> para consolidar la coordinaci\u00f3n del Estado:\u00a0<\/span><em>\u201cHoy cerramos la aprobaci\u00f3n del plan y damos inicio a la din\u00e1mica de trabajo de las mesas t\u00e9cnicas, sobre la base de los aportes y ajustes presentados por las instituciones que integran este Gabinete\u201d<\/em><span>, se\u00f1al\u00f3.<\/span><\/p>\n<p dir=\"ltr\"><em>\u201cEl esp\u00edritu que gu\u00eda al Gabinete de Mujeres, Adolescentes y Ni\u00f1as es profundizar la articulaci\u00f3n interinstitucional y fortalecer la coordinaci\u00f3n efectiva entre los sectores clave del Estado, para garantizar una respuesta integral que proteja a las mujeres, adolescentes y ni\u00f1as en todo el territorio nacional\u201d,\u00a0<\/em><span>destac\u00f3 la ministra.<\/span><\/p>\n<p dir=\"ltr\"><span>En su intervenci\u00f3n, el ministro de Salud P\u00fablica y Asistencia Social, Dr.\u00a0<\/span><strong>V\u00edctor Atallah,<\/strong><span> subray\u00f3 que desde el sector de salud se est\u00e1n fortaleciendo las acciones de\u00a0<\/span><strong>prevenci\u00f3n<\/strong><span>, con especial \u00e9nfasis en la\u00a0<\/span><strong>salud mental y la atenci\u00f3n primaria.<\/strong><span>\u00a0 Indic\u00f3 que se trabaja en protocolos de\u00a0<\/span><strong>tamizaje<\/strong><span> para detectar\u00a0<\/span><strong>se\u00f1ales tempranas de violencia<\/strong><span> para una\u00a0<\/span><strong>intervenci\u00f3n oportuna<\/strong><span> y anunci\u00f3 el impulso de una\u00a0<\/span><strong>campa\u00f1a nacional de salud mental\u00a0<\/strong><span>que incluir\u00e1 un\u00a0<\/span><strong>componente espec\u00edfico sobre violencia contra mujeres, ni\u00f1as y adolescentes.<\/strong><\/p>\n<p dir=\"ltr\"><span>Las comisiones t\u00e9cnicas quedaron estructuradas en\u00a0<\/span><strong>mesas tem\u00e1ticas<\/strong><span> con liderazgos claramente definidos:\u00a0<\/span><strong>Marco Legal y Normativo<\/strong><span>, coordinada por el Poder Judicial;\u00a0<\/span><strong>Prevenci\u00f3n y Sensibilizaci\u00f3n<\/strong><span>, bajo la responsabilidad del Ministerio de la Mujer;\u00a0<\/span><strong>Reparaci\u00f3n y Autonom\u00eda,<\/strong><span> tambi\u00e9n liderada por el Ministerio de la Mujer;\u00a0<\/span><strong>Atenci\u00f3n y Respuesta Institucional<\/strong><span>, a cargo de la Procuradur\u00eda General de la Rep\u00fablica;\u00a0<\/span><strong>Datos, Monitoreo y Evaluaci\u00f3n<\/strong><span>, coordinada conjuntamente por la Oficina Nacional de Estad\u00edstica (ONE) y el Ministerio de la Mujer; y\u00a0<\/span><strong>Seguridad, Denuncia y Protecci\u00f3n<\/strong><span>, liderada por la Polic\u00eda Nacional.<\/span><\/p>\n<p dir=\"ltr\"><span>Como parte de los pr\u00f3ximos pasos, las mesas t\u00e9cnicas\u00a0<\/span><strong>se reunir\u00e1n cada tres semanas,<\/strong><span> mediante convocatoria coordinada por la Secretar\u00eda T\u00e9cnica, Direcci\u00f3n de Planificaci\u00f3n, para dar seguimiento a\u00a0<\/span><strong>acuerdos, avances, productos t\u00e9cnicos y tareas<\/strong><span> vinculadas a la implementaci\u00f3n del plan, con el objetivo de garantizar una\u00a0<\/span><strong>respuesta integral y oportuna<\/strong><span> en todo el pa\u00eds.<\/span><\/p>\n<p dir=\"ltr\"><span>En la sesi\u00f3n participaron, el Ministerio de Educaci\u00f3n, la Procuradur\u00eda General de la Rep\u00fablica, el Ministerio de la Presidencia, el Ministerio de Salud P\u00fablica y Asistencia Social, la Polic\u00eda Nacional, la Oficina Nacional de Estad\u00edstica (ONE), el Servicio Nacional de Salud (SNS), el Ministerio de Interior y Polic\u00eda, el Ministerio de la Juventud, el Ministerio de Hacienda y Econom\u00eda, el Ministerio de Trabajo, el Consejo Nacional para la Ni\u00f1ez y la Adolescencia (Conani), la Universidad Aut\u00f3noma de Santo Domingo (UASD) y el Ministerio de Defensa.<\/span><\/p>\n<p dir=\"ltr\"><span>Adem\u00e1s, estuvieron presentes el Poder Judicial, la Direcci\u00f3n Especializada de Atenci\u00f3n a la Mujer y Violencia Intrafamiliar (Deamvi), el Instituto Nacional de Formaci\u00f3n T\u00e9cnico Profesional (Infotep), el Sistema Nacional de Atenci\u00f3n a Emergencia y Seguridad 9-1-1, el Sistema \u00danico de Beneficiarios (Siuben), el Programa de Medicamentos Esenciales y Central de Apoyo Log\u00edstico (Promese\/CAL), el Ministerio de Deportes y Recreaci\u00f3n (Miderec), el Ministerio de la Vivienda y Edificaciones (Mived), Profamilia y el Fondo de Poblaci\u00f3n de las Naciones Unidas (UNFPA), entre otras instancias del Estado.<\/span><\/p>\n<p dir=\"ltr\"><span>Se recuerda que el Gobierno dominicano estableci\u00f3, mediante el\u00a0<\/span><strong>Decreto N\u00fam. 1-21<\/strong><span>, la necesidad de fortalecer la\u00a0<\/span><strong>articulaci\u00f3n interinstitucional\u00a0<\/strong><span>para el\u00a0<\/span><strong>abordaje integral<\/strong><span> de la violencia contra las mujeres, adolescentes y ni\u00f1as, reconociendo el Plan Estrat\u00e9gico por una Vida Libre de Violencia como el principal instrumento para coordinar las acciones de\u00a0<\/span><strong>prevenci\u00f3n, atenci\u00f3n y respuesta del Estado.<\/strong><\/p>\n<p dir=\"ltr\"><span>En ese sentido, se dispuso la creaci\u00f3n del Gabinete de Mujeres, Adolescentes y Ni\u00f1as como el\u00a0<\/span><strong>espacio principal adscrito al Ministerio de la Mujer<\/strong><span>, encargado de coordinar e impulsar la implementaci\u00f3n de este instrumento estrat\u00e9gico, con el objetivo de fortalecer la\u00a0<\/span><strong>respuesta institucional frente a esta problem\u00e1tica.<\/strong><\/p>\n<p><span>La sesi\u00f3n concluy\u00f3 con la firme disposici\u00f3n del Ministerio de la Mujer de continuar fomentando\u00a0<\/span><strong>acciones coordinadas para la prevenci\u00f3n y atenci\u00f3n de la violencia<\/strong><span>, y de dar\u00a0<\/span><strong>seguimiento<\/strong><span> a los acuerdos del Gabinete a trav\u00e9s de las mesas t\u00e9cnicas y los mecanismos de monitoreo establecidos en el plan.<\/span><\/p>\n<\/div>\n<div class=\"field field--name-field-image field--type-image field--label-hidden field__item\">  <img decoding=\"async\" loading=\"lazy\" src=\"https:\/\/www.presidencia.gob.do\/sites\/default\/files\/news\/2026-04\/SESIND_1.jpg\" width=\"1600\" height=\"1064\" alt=\"Energia\"><\/p>\n<\/div>\n<p>\u00a0Gabinete de Mujeres, Adolescentes y Ni\u00f1as aprueba plan para combatir la violencia de g\u00e9nero en el pa\u00eds<br \/>\nyamellrossi<br \/>\n30 de  Abril 2026 | 14:16<\/p>\n<p>            Santo Domingo.-\u00a0El Gabinete de Mujeres, Adolescentes y Ni\u00f1as aprob\u00f3 el\u00a0Plan Estrat\u00e9gico por una Vida Libre de Violencia, instrumento que articula la\u00a0acci\u00f3n del Estado para prevenir y atender la\u00a0violencia contra las mujeres, adolescentes y ni\u00f1as, y que marca el inicio de una fase de\u00a0seguimiento coordinado para su\u00a0implementaci\u00f3n a nivel nacional.<br \/>\nDurante la sesi\u00f3n extraordinaria, encabezada por la ministra de la Mujer,\u00a0Gloria Reyes, y el ministro de Salud P\u00fablica y Asistencia Social, Dr.\u00a0V\u00edctor Atallah, se dejaron validados los aspectos necesarios para la puesta en marcha del plan, incluyendo la\u00a0priorizaci\u00f3n de acciones, la conformaci\u00f3n de\u00a0comisiones t\u00e9cnicas (mesas tem\u00e1ticas) y la definici\u00f3n de la\u00a0din\u00e1mica de trabajo como mecanismo de\u00a0articulaci\u00f3n interinstitucional.<br \/>\nLa ministra\u00a0Gloria Reyes destac\u00f3 que la aprobaci\u00f3n representa un\u00a0paso decisivo para consolidar la coordinaci\u00f3n del Estado:\u00a0\u201cHoy cerramos la aprobaci\u00f3n del plan y damos inicio a la din\u00e1mica de trabajo de las mesas t\u00e9cnicas, sobre la base de los aportes y ajustes presentados por las instituciones que integran este Gabinete\u201d, se\u00f1al\u00f3.<br \/>\n\u201cEl esp\u00edritu que gu\u00eda al Gabinete de Mujeres, Adolescentes y Ni\u00f1as es profundizar la articulaci\u00f3n interinstitucional y fortalecer la coordinaci\u00f3n efectiva entre los sectores clave del Estado, para garantizar una respuesta integral que proteja a las mujeres, adolescentes y ni\u00f1as en todo el territorio nacional\u201d,\u00a0destac\u00f3 la ministra.<br \/>\nEn su intervenci\u00f3n, el ministro de Salud P\u00fablica y Asistencia Social, Dr.\u00a0V\u00edctor Atallah, subray\u00f3 que desde el sector de salud se est\u00e1n fortaleciendo las acciones de\u00a0prevenci\u00f3n, con especial \u00e9nfasis en la\u00a0salud mental y la atenci\u00f3n primaria.\u00a0 Indic\u00f3 que se trabaja en protocolos de\u00a0tamizaje para detectar\u00a0se\u00f1ales tempranas de violencia para una\u00a0intervenci\u00f3n oportuna y anunci\u00f3 el impulso de una\u00a0campa\u00f1a nacional de salud mental\u00a0que incluir\u00e1 un\u00a0componente espec\u00edfico sobre violencia contra mujeres, ni\u00f1as y adolescentes.<br \/>\nLas comisiones t\u00e9cnicas quedaron estructuradas en\u00a0mesas tem\u00e1ticas con liderazgos claramente definidos:\u00a0Marco Legal y Normativo, coordinada por el Poder Judicial;\u00a0Prevenci\u00f3n y Sensibilizaci\u00f3n, bajo la responsabilidad del Ministerio de la Mujer;\u00a0Reparaci\u00f3n y Autonom\u00eda, tambi\u00e9n liderada por el Ministerio de la Mujer;\u00a0Atenci\u00f3n y Respuesta Institucional, a cargo de la Procuradur\u00eda General de la Rep\u00fablica;\u00a0Datos, Monitoreo y Evaluaci\u00f3n, coordinada conjuntamente por la Oficina Nacional de Estad\u00edstica (ONE) y el Ministerio de la Mujer; y\u00a0Seguridad, Denuncia y Protecci\u00f3n, liderada por la Polic\u00eda Nacional.<br \/>\nComo parte de los pr\u00f3ximos pasos, las mesas t\u00e9cnicas\u00a0se reunir\u00e1n cada tres semanas, mediante convocatoria coordinada por la Secretar\u00eda T\u00e9cnica, Direcci\u00f3n de Planificaci\u00f3n, para dar seguimiento a\u00a0acuerdos, avances, productos t\u00e9cnicos y tareas vinculadas a la implementaci\u00f3n del plan, con el objetivo de garantizar una\u00a0respuesta integral y oportuna en todo el pa\u00eds.<br \/>\nEn la sesi\u00f3n participaron, el Ministerio de Educaci\u00f3n, la Procuradur\u00eda General de la Rep\u00fablica, el Ministerio de la Presidencia, el Ministerio de Salud P\u00fablica y Asistencia Social, la Polic\u00eda Nacional, la Oficina Nacional de Estad\u00edstica (ONE), el Servicio Nacional de Salud (SNS), el Ministerio de Interior y Polic\u00eda, el Ministerio de la Juventud, el Ministerio de Hacienda y Econom\u00eda, el Ministerio de Trabajo, el Consejo Nacional para la Ni\u00f1ez y la Adolescencia (Conani), la Universidad Aut\u00f3noma de Santo Domingo (UASD) y el Ministerio de Defensa.<br \/>\nAdem\u00e1s, estuvieron presentes el Poder Judicial, la Direcci\u00f3n Especializada de Atenci\u00f3n a la Mujer y Violencia Intrafamiliar (Deamvi), el Instituto Nacional de Formaci\u00f3n T\u00e9cnico Profesional (Infotep), el Sistema Nacional de Atenci\u00f3n a Emergencia y Seguridad 9-1-1, el Sistema \u00danico de Beneficiarios (Siuben), el Programa de Medicamentos Esenciales y Central de Apoyo Log\u00edstico (Promese\/CAL), el Ministerio de Deportes y Recreaci\u00f3n (Miderec), el Ministerio de la Vivienda y Edificaciones (Mived), Profamilia y el Fondo de Poblaci\u00f3n de las Naciones Unidas (UNFPA), entre otras instancias del Estado.<br \/>\nSe recuerda que el Gobierno dominicano estableci\u00f3, mediante el\u00a0Decreto N\u00fam. 1-21, la necesidad de fortalecer la\u00a0articulaci\u00f3n interinstitucional\u00a0para el\u00a0abordaje integral de la violencia contra las mujeres, adolescentes y ni\u00f1as, reconociendo el Plan Estrat\u00e9gico por una Vida Libre de Violencia como el principal instrumento para coordinar las acciones de\u00a0prevenci\u00f3n, atenci\u00f3n y respuesta del Estado.<br \/>\nEn ese sentido, se dispuso la creaci\u00f3n del Gabinete de Mujeres, Adolescentes y Ni\u00f1as como el\u00a0espacio principal adscrito al Ministerio de la Mujer, encargado de coordinar e impulsar la implementaci\u00f3n de este instrumento estrat\u00e9gico, con el objetivo de fortalecer la\u00a0respuesta institucional frente a esta problem\u00e1tica.<br \/>\nLa sesi\u00f3n concluy\u00f3 con la firme disposici\u00f3n del Ministerio de la Mujer de continuar fomentando\u00a0acciones coordinadas para la prevenci\u00f3n y atenci\u00f3n de la violencia, y de dar\u00a0seguimiento a los acuerdos del Gabinete a trav\u00e9s de las mesas t\u00e9cnicas y los mecanismos de monitoreo establecidos en el plan.\u00a0\u00a0\u00a0<\/p>\n","protected":false},"excerpt":{"rendered":"<p>Gabinete de Mujeres, Adolescentes y Ni\u00f1as aprueba plan para combatir la violencia de g\u00e9nero en el pa\u00eds yamellrossi 30 de Abril 2026 | 14:16 Santo Domingo.-\u00a0El Gabinete de Mujeres, Adolescentes y Ni\u00f1as aprob\u00f3 el\u00a0Plan Estrat\u00e9gico por una Vida Libre de Violencia, instrumento que articula la\u00a0acci\u00f3n del Estado para prevenir y atender la\u00a0violencia contra las mujeres, [&hellip;]<\/p>\n","protected":false},"author":1,"featured_media":26649,"comment_status":"open","ping_status":"open","sticky":false,"template":"","format":"standard","meta":{"amp_status":"","footnotes":""},"categories":[8],"tags":[],"class_list":["post-26648","post","type-post","status-publish","format-standard","has-post-thumbnail","hentry","category-republica"],"_links":{"self":[{"href":"https:\/\/ermdigital.com\/index.php?rest_route=\/wp\/v2\/posts\/26648","targetHints":{"allow":["GET"]}}],"collection":[{"href":"https:\/\/ermdigital.com\/index.php?rest_route=\/wp\/v2\/posts"}],"about":[{"href":"https:\/\/ermdigital.com\/index.php?rest_route=\/wp\/v2\/types\/post"}],"author":[{"embeddable":true,"href":"https:\/\/ermdigital.com\/index.php?rest_route=\/wp\/v2\/users\/1"}],"replies":[{"embeddable":true,"href":"https:\/\/ermdigital.com\/index.php?rest_route=%2Fwp%2Fv2%2Fcomments&post=26648"}],"version-history":[{"count":0,"href":"https:\/\/ermdigital.com\/index.php?rest_route=\/wp\/v2\/posts\/26648\/revisions"}],"wp:featuredmedia":[{"embeddable":true,"href":"https:\/\/ermdigital.com\/index.php?rest_route=\/wp\/v2\/media\/26649"}],"wp:attachment":[{"href":"https:\/\/ermdigital.com\/index.php?rest_route=%2Fwp%2Fv2%2Fmedia&parent=26648"}],"wp:term":[{"taxonomy":"category","embeddable":true,"href":"https:\/\/ermdigital.com\/index.php?rest_route=%2Fwp%2Fv2%2Fcategories&post=26648"},{"taxonomy":"post_tag","embeddable":true,"href":"https:\/\/ermdigital.com\/index.php?rest_route=%2Fwp%2Fv2%2Ftags&post=26648"}],"curies":[{"name":"wp","href":"https:\/\/api.w.org\/{rel}","templated":true}]}}