{"id":26637,"date":"2026-04-30T12:30:19","date_gmt":"2026-04-30T16:30:19","guid":{"rendered":"https:\/\/ermdigital.com\/?p=26637"},"modified":"2026-04-30T12:30:19","modified_gmt":"2026-04-30T16:30:19","slug":"presidente-de-la-asociacion-de-industrias-de-la-republica-dominicana-destaca-crecimiento-economico-y-potencial-industrial-de-la-republica-dominicana","status":"publish","type":"post","link":"https:\/\/ermdigital.com\/?p=26637","title":{"rendered":"Presidente de la Asociaci\u00f3n de Industrias de la Rep\u00fablica Dominicana destaca crecimiento econ\u00f3mico y potencial industrial de la Rep\u00fablica Dominicana"},"content":{"rendered":"<p><span class=\"field field--name-title field--type-string field--label-hidden\">Presidente de la Asociaci\u00f3n de Industrias de la Rep\u00fablica Dominicana destaca crecimiento econ\u00f3mico y potencial industrial de la Rep\u00fablica Dominicana<\/span><br \/>\n<span class=\"field field--name-uid field--type-entity-reference field--label-hidden\"><span>yamellrossi<\/span><\/span><br \/>\n<span class=\"field field--name-created field--type-created field--label-hidden\"><time datetime=\"2026-04-30T12:30:19-04:00\" title=\"Jueves, Abril 30, 2026 - 12:30\" class=\"datetime\">30 de  Abril 2026 | 12:30<\/time><br \/>\n<\/span><\/p>\n<div class=\"clearfix text-formatted field field--name-body field--type-text-with-summary field--label-hidden field__item\">\n<p class=\"text-align-justify\"><span>Santo Domingo.- En un acto que cont\u00f3 con la <strong>participaci\u00f3n del presidente Luis Abinader<\/strong>, el presidente de la Asociaci\u00f3n de Industrias de la Rep\u00fablica Dominicana <strong>(AIRD),<\/strong>\u00a0<strong>Julio Brache<\/strong>, destac\u00f3 el <strong>s\u00f3lido desempe\u00f1o econ\u00f3mico<\/strong>\u00a0del pa\u00eds y asegur\u00f3 que la combinaci\u00f3n de <strong>estabilidad institucional<\/strong>, expansi\u00f3n de la <strong>plataforma productiva<\/strong>\u00a0y <strong>crecimiento sostenido<\/strong>\u00a0coloca a Rep\u00fablica Dominicana en condiciones reales para consolidarse como un h<strong>ub industrial y log\u00edstico regional<\/strong>, respaldado por un <strong>crecimiento<\/strong>\u00a0de 5.1 %, un aumento de m\u00e1s de 18 % en las <strong>exportaciones<\/strong>\u00a0y el <strong>fortalecimiento de los sectores industrial y agroindustrial.<\/strong><\/span><\/p>\n<p class=\"text-align-justify\"><span>El presidente de la AIRD afirm\u00f3 que la confianza en la industria dominicana est\u00e1 respaldada por <strong>datos y resultados concretos<\/strong>, destacando que la industria no es un sector m\u00e1s, sino <strong>uno de los pilares fundamentales que sostiene la estabilidad econ\u00f3mica<\/strong>, impulsa el crecimiento y permite construir un desarrollo sostenible en el tiempo.<\/span><\/p>\n<p class=\"text-align-justify\"><em><span>\u201cContamos con estabilidad institucional, cercan\u00eda estrat\u00e9gica a los principales mercados, una plataforma productiva en expansi\u00f3n y una trayectoria de crecimiento que genera confianza. Esas ventajas, hoy respaldadas por resultados concretos, son nuestra mayor credencial ante los inversionistas del mundo. No es casualidad. Es el resultado de decisiones. De una estrategia pa\u00eds que est\u00e1 dando frutos\u201d,<\/span><\/em><span>\u00a0asegur\u00f3 Brache.<\/span><\/p>\n<p class=\"text-align-justify\"><span>En ese sentido, resalt\u00f3 la <strong>trayectoria de la AIRD como instituci\u00f3n clave<\/strong>\u00a0en el impulso del desarrollo industrial del pa\u00eds y sostuvo que el sector industrial representa <strong>una forma de construir patria <\/strong>y contribuir al desarrollo de la naci\u00f3n desde la producci\u00f3n, la innovaci\u00f3n y la convicci\u00f3n de que, de alg\u00fan modo, todos forman parte de la industria.<\/span><\/p>\n<p class=\"text-align-justify\"><span>Brache explic\u00f3 que hablar de industria es hablar de <strong>empleo formal y digno<\/strong>, de valor agregado, de <strong>encadenamientos productivos<\/strong>\u00a0que dinamizan m\u00faltiples sectores y de una estructura que permite que <strong>la econom\u00eda contin\u00fae funcionando incluso en escenarios adversos<\/strong>. Agreg\u00f3 que la industria transforma materia prima en <strong>oportunidades<\/strong>, inversi\u00f3n en <strong>bienestar<\/strong>\u00a0y esfuerzo en <strong>progreso colectivo<\/strong>, por lo que cada vez que la industria avanza, el pa\u00eds tambi\u00e9n lo hace.<\/span><\/p>\n<p class=\"text-align-justify\"><span>Brache habl\u00f3 en estos t\u00e9rminos en el en el acto de celebraci\u00f3n del <strong>D\u00eda de la Industria Nacional <\/strong>y la conmemoraci\u00f3n del <strong>64 \u00a0aniversario de la Asociaci\u00f3n de Industriales de la Rep\u00fablica Dominicana <\/strong>(AIRD)<strong>,<\/strong>\u00a0donde el economista <strong>Roberto Despradel<\/strong>\u00a0present\u00f3 los resultados del estudio titulado<strong>\u00a0\u201cEl tejido productivo de la industria dominicana: mapeo de encadenamientos productivos, efectos multiplicadores y relaciones interindustriales<\/strong>\u201d, elaborado por la firma DASA.<\/span><\/p>\n<p class=\"text-align-justify\"><span><strong>Crecimiento interanual superior al 5.1 % y cifras de doble d\u00edgito en recaudaciones fiscales<\/strong><\/span><\/p>\n<p class=\"text-align-justify\"><span>Al referirse al desempe\u00f1o reciente de la econom\u00eda, cit\u00f3 <strong>cifras del Banco Central<\/strong>, se\u00f1alando que en <strong>marzo de 2024 el Indicador Mensual de Actividad Econ\u00f3mica<\/strong>\u00a0registr\u00f3 un crecimiento interanual superior al <strong>5.1 %<\/strong>, el ritmo de expansi\u00f3n m\u00e1s elevado de los \u00faltimos 11 meses. Detall\u00f3 que la <strong>manufactura local<\/strong>\u00a0creci\u00f3 alrededor de un 4 %, mientras que las <strong>zonas francas<\/strong>\u00a0avanzaron un 7 %, lo que llev\u00f3 a que el acumulado del primer trimestre superara el 4 %.<\/span><\/p>\n<p class=\"text-align-justify\"><span>Sostuvo que estos resultados no son titulares optimistas, sino <strong>datos corroborados tambi\u00e9n por las recaudaciones fiscales<\/strong>\u00a0de la Direcci\u00f3n General de Impuestos Internos y la Direcci\u00f3n General de Aduanas, que registraron cifras de doble d\u00edgito en el mismo per\u00edodo.<\/span><\/p>\n<p class=\"text-align-justify\"><span>Asimismo, destac\u00f3 el <strong>desempe\u00f1o de la agroindustria y su v\u00ednculo con el campo, <\/strong>indicando que la Rep\u00fablica Dominicana alcanz\u00f3 en 2025 una <strong>producci\u00f3n r\u00e9cord de arroz <\/strong>de 14.38 millones de quintales, convirti\u00e9ndose en el <strong>mayor productor de este cereal en el Caribe y Centroam\u00e9rica<\/strong>. Asegur\u00f3 que el abastecimiento nacional est\u00e1 garantizado gracias a un inventario superior a los cinco millones de quintales.<\/span><\/p>\n<p class=\"text-align-justify\"><span>Brache tambi\u00e9n inform\u00f3 que <strong>entre enero y marzo de 2026 las exportaciones totales del pa\u00eds ascendieron a 3,736.9 millones de d\u00f3lares<\/strong>, lo que representa un crecimiento superior al 18 % en comparaci\u00f3n con el mismo per\u00edodo de 2025, lo que evidencia que la industria dominicana est\u00e1 vendiendo m\u00e1s al mundo.<\/span><\/p>\n<p class=\"text-align-justify\"><span>De igual forma, resalt\u00f3 que esta misma semana la Comisi\u00f3n Econ\u00f3mica para Am\u00e9rica Latina y el Caribe <strong>(CEPAL)<\/strong>\u00a0revis\u00f3 al <strong>alza la proyecci\u00f3n de crecimiento<\/strong>\u00a0de la Rep\u00fablica Dominicana para 2026, coloc\u00e1ndola en<strong>\u00a04 %, muy por encima del promedio regional.<\/strong><\/span><\/p>\n<p class=\"text-align-justify\"><span><strong>Confianza internacional en la estabilidad, resiliencia y capacidad de crecimiento del pa\u00eds<\/strong><\/span><\/p>\n<p class=\"text-align-justify\"><span>Seg\u00fan expres\u00f3, este reconocimiento reafirma la<strong>\u00a0confianza internacional en la estabilidad, resiliencia y capacidad de crecimiento del pa\u00eds<\/strong>, consolid\u00e1ndolo como una de las econom\u00edas con mejores perspectivas de la regi\u00f3n y como un destino confiable para la inversi\u00f3n y el desarrollo productivo.<\/span><\/p>\n<p class=\"text-align-justify\"><span>El presidente de la AIRD se\u00f1al\u00f3 que esta conmemoraci\u00f3n se produce en un <strong>contexto global complejo,<\/strong>\u00a0marcado por tensiones geopol\u00edticas, dificultades en las cadenas de suministro y presiones energ\u00e9ticas.<\/span><\/p>\n<p class=\"text-align-justify\"><span>Reconoci\u00f3 que, al ser una econom\u00eda abierta, el pa\u00eds se expone a estos <strong>riesgos<\/strong>, pero tambi\u00e9n se beneficia de <strong>oportunidades<\/strong>, asegurando que <strong>la industria dominicana est\u00e1 mejor preparada que nunca para aprovecharlas.<\/strong><\/span><\/p>\n<p class=\"text-align-justify\"><span>Brache afirm\u00f3 que la Rep\u00fablica Dominicana tiene una <strong>oportunidad hist\u00f3rica<\/strong>\u00a0debido a la <strong>reconfiguraci\u00f3n de las cadenas globales de valor, el<\/strong>\u00a0<strong>nearshoring<\/strong>\u00a0y la b\u00fasqueda de <strong>proveedores m\u00e1s cercanos y confiables<\/strong>, factores que est\u00e1n redefiniendo la organizaci\u00f3n de la producci\u00f3n mundial.<\/span><\/p>\n<p class=\"text-align-justify\"><span>Sostuvo que el desarrollo industrial no ocurre por inercia, sino que depende de la <strong>calidad del entorno<\/strong>\u00a0en el que operan las empresas, la <strong>previsibilidad<\/strong>\u00a0de las reglas, la <strong>eficiencia institucional<\/strong>\u00a0y la capacidad de alinear pol\u00edticas p\u00fablicas con objetivos de <strong>producci\u00f3n, productividad y competitividad<\/strong>.<\/span><\/p>\n<p class=\"text-align-justify\"><span>Explic\u00f3 que la <strong>formalidad<\/strong>\u00a0genera datos, confianza, acceso al financiamiento y fortalece la base fiscal que sostiene los servicios p\u00fablicos. Para construirla, indic\u00f3, se <strong>requiere reducir costos, simplificar procesos y hacerla atractiva, no solo obligatoria.<\/strong><\/span><\/p>\n<p class=\"text-align-justify\"><span>El segundo desaf\u00edo identificado por Brache es el <strong>entorno regulatorio<\/strong>. Se\u00f1al\u00f3 que la industria cree en la regulaci\u00f3n como mecanismo para generar <strong>orden, transparencia y confianza,<\/strong>\u00a0pero insisti\u00f3 en que esta debe ser <strong>clara, coherente y aplicada de manera homog\u00e9nea.<\/strong><\/span><\/p>\n<p class=\"text-align-justify\"><span><strong>Capacidad de expansi\u00f3n, diversificaci\u00f3n y modernizaci\u00f3n del sector industrial dominicano<\/strong><\/span><\/p>\n<p class=\"text-align-justify\"><span>Destac\u00f3 que existen <strong>se\u00f1ales positivas en el sector industrial dominicano<\/strong>, se\u00f1alando que ha mostrado capacidad de <strong>expansi\u00f3n, diversificaci\u00f3n y modernizaci\u00f3n<\/strong>. Mencion\u00f3 que existen empresas que incorporan tecnolog\u00edas, elevan est\u00e1ndares de calidad, apuestan por la sostenibilidad y ampl\u00edan su visi\u00f3n m\u00e1s all\u00e1 del mercado local.<\/span><\/p>\n<p class=\"text-align-justify\"><span>Brache expuso que ning\u00fan pa\u00eds logra una transformaci\u00f3n productiva significativa sin <strong>coordinaci\u00f3n<\/strong>, por lo que llam\u00f3 a alinear esfuerzos entre <strong>el sector p\u00fablico, el sector privado, la academia y la cooperaci\u00f3n internacional <\/strong>en torno a una <strong>visi\u00f3n com\u00fan<\/strong>. En ese sentido, indic\u00f3 que el pa\u00eds debe mantener <strong>espacios de di\u00e1logo<\/strong>\u00a0que superen el diagn\u00f3stico y se traduzcan en soluciones concretas, con un compromiso nacional que priorice <strong>productividad, inversi\u00f3n, empleo formal y competitividad<\/strong>, pero con sentido de urgencia.<\/span><\/p>\n<p class=\"text-align-justify\"><span>Brache agradeci\u00f3 al Banco Popular Dominicano, Banco BHD y Scotiabank por su respaldo al estudio elaborado por la firma DASA y expres\u00f3 que este apoyo evidencia el <strong>compromiso del sector financiero con el fortalecimiento de la industria<\/strong>, el endeudamiento productivo, los encadenamientos productivos y la construcci\u00f3n de una <strong>econom\u00eda m\u00e1s integrada, competitiva y sostenible.<\/strong><\/span><\/p>\n<p class=\"text-align-justify\"><span><strong>Abogan por competencia justa y fortalecimiento del sector formal<\/strong><\/span><\/p>\n<p class=\"text-align-justify\"><span>De su lado, el vicepresidente ejecutivo de la AIRD, <strong>Mario E. Pujols<\/strong>, subray\u00f3 la importancia de continuar fortaleciendo <strong>el marco regulatorio y las condiciones del mercado<\/strong>\u00a0para garantizar una <strong>competencia justa<\/strong>. Destac\u00f3 que el cumplimiento de normativas como <strong>el etiquetado en espa\u00f1ol y los registros sanitarios <\/strong>contribuye a la protecci\u00f3n del consumidor y al orden del sector productivo.<\/span><\/p>\n<p class=\"text-align-justify\"><span>En ese contexto, abog\u00f3 por reforzar los <strong>mecanismos de defensa comercial<\/strong>\u00a0y asegurar <strong>reglas claras para todos los actores,<\/strong>\u00a0a fin de consolidar un entorno m\u00e1s competitivo y equilibrado y plante\u00f3 la necesidad de impulsar <strong>reformas laborales y de seguridad social con un enfoque gradual<\/strong>\u00a0y sostenible, orientado a fomentar la formalidad, incentivar la creaci\u00f3n de empleos de calidad y fortalecer la estabilidad del sistema productivo.<\/span><\/p>\n<p class=\"text-align-justify\"><span>En el acto estuvieron presentes el ministro de Industria, Comercio y Mipymes, <strong>Eduardo Sanz Lovat\u00f3n<\/strong>; de Trabajo, <strong>Eddy Olivares<\/strong>; de Educaci\u00f3n, <strong>Luis Miguel De Camps<\/strong>; de Energ\u00eda y Minas, <strong>Joel Santos<\/strong>; y de Medio Ambiente, <strong>Pa\u00edno Henr\u00edquez<\/strong>. Tambi\u00e9n asistieron la directora de ProDominicana, <strong>Biviana Riveiro<\/strong>; la presidenta de ProCompetencia, <strong>Mar\u00eda Elena V\u00e1squez<\/strong>; el director de ProConsumidor, <strong>Eddy Alc\u00e1ntara<\/strong>, as\u00ed como representantes de distintos gremios.<\/span><\/p>\n<\/div>\n<div class=\"field field--name-field-image field--type-image field--label-hidden field__item\">  <img decoding=\"async\" loading=\"lazy\" src=\"https:\/\/www.presidencia.gob.do\/sites\/default\/files\/news\/2026-04\/1001584799.jpg\" width=\"1504\" height=\"1003\" alt=\"Presidente \"><\/p>\n<\/div>\n<p>\u00a0Presidente de la Asociaci\u00f3n de Industrias de la Rep\u00fablica Dominicana destaca crecimiento econ\u00f3mico y potencial industrial de la Rep\u00fablica Dominicana<br \/>\nyamellrossi<br \/>\n30 de  Abril 2026 | 12:30<\/p>\n<p>            Santo Domingo.- En un acto que cont\u00f3 con la participaci\u00f3n del presidente Luis Abinader, el presidente de la Asociaci\u00f3n de Industrias de la Rep\u00fablica Dominicana (AIRD),\u00a0Julio Brache, destac\u00f3 el s\u00f3lido desempe\u00f1o econ\u00f3mico\u00a0del pa\u00eds y asegur\u00f3 que la combinaci\u00f3n de estabilidad institucional, expansi\u00f3n de la plataforma productiva\u00a0y crecimiento sostenido\u00a0coloca a Rep\u00fablica Dominicana en condiciones reales para consolidarse como un hub industrial y log\u00edstico regional, respaldado por un crecimiento\u00a0de 5.1 %, un aumento de m\u00e1s de 18 % en las exportaciones\u00a0y el fortalecimiento de los sectores industrial y agroindustrial.<br \/>\nEl presidente de la AIRD afirm\u00f3 que la confianza en la industria dominicana est\u00e1 respaldada por datos y resultados concretos, destacando que la industria no es un sector m\u00e1s, sino uno de los pilares fundamentales que sostiene la estabilidad econ\u00f3mica, impulsa el crecimiento y permite construir un desarrollo sostenible en el tiempo.<br \/>\n\u201cContamos con estabilidad institucional, cercan\u00eda estrat\u00e9gica a los principales mercados, una plataforma productiva en expansi\u00f3n y una trayectoria de crecimiento que genera confianza. Esas ventajas, hoy respaldadas por resultados concretos, son nuestra mayor credencial ante los inversionistas del mundo. No es casualidad. Es el resultado de decisiones. De una estrategia pa\u00eds que est\u00e1 dando frutos\u201d,\u00a0asegur\u00f3 Brache.<br \/>\nEn ese sentido, resalt\u00f3 la trayectoria de la AIRD como instituci\u00f3n clave\u00a0en el impulso del desarrollo industrial del pa\u00eds y sostuvo que el sector industrial representa una forma de construir patria y contribuir al desarrollo de la naci\u00f3n desde la producci\u00f3n, la innovaci\u00f3n y la convicci\u00f3n de que, de alg\u00fan modo, todos forman parte de la industria.<br \/>\nBrache explic\u00f3 que hablar de industria es hablar de empleo formal y digno, de valor agregado, de encadenamientos productivos\u00a0que dinamizan m\u00faltiples sectores y de una estructura que permite que la econom\u00eda contin\u00fae funcionando incluso en escenarios adversos. Agreg\u00f3 que la industria transforma materia prima en oportunidades, inversi\u00f3n en bienestar\u00a0y esfuerzo en progreso colectivo, por lo que cada vez que la industria avanza, el pa\u00eds tambi\u00e9n lo hace.<br \/>\nBrache habl\u00f3 en estos t\u00e9rminos en el en el acto de celebraci\u00f3n del D\u00eda de la Industria Nacional y la conmemoraci\u00f3n del 64 \u00a0aniversario de la Asociaci\u00f3n de Industriales de la Rep\u00fablica Dominicana (AIRD),\u00a0donde el economista Roberto Despradel\u00a0present\u00f3 los resultados del estudio titulado\u00a0\u201cEl tejido productivo de la industria dominicana: mapeo de encadenamientos productivos, efectos multiplicadores y relaciones interindustriales\u201d, elaborado por la firma DASA.<br \/>\nCrecimiento interanual superior al 5.1 % y cifras de doble d\u00edgito en recaudaciones fiscales<br \/>\nAl referirse al desempe\u00f1o reciente de la econom\u00eda, cit\u00f3 cifras del Banco Central, se\u00f1alando que en marzo de 2024 el Indicador Mensual de Actividad Econ\u00f3mica\u00a0registr\u00f3 un crecimiento interanual superior al 5.1 %, el ritmo de expansi\u00f3n m\u00e1s elevado de los \u00faltimos 11 meses. Detall\u00f3 que la manufactura local\u00a0creci\u00f3 alrededor de un 4 %, mientras que las zonas francas\u00a0avanzaron un 7 %, lo que llev\u00f3 a que el acumulado del primer trimestre superara el 4 %.<br \/>\nSostuvo que estos resultados no son titulares optimistas, sino datos corroborados tambi\u00e9n por las recaudaciones fiscales\u00a0de la Direcci\u00f3n General de Impuestos Internos y la Direcci\u00f3n General de Aduanas, que registraron cifras de doble d\u00edgito en el mismo per\u00edodo.<br \/>\nAsimismo, destac\u00f3 el desempe\u00f1o de la agroindustria y su v\u00ednculo con el campo, indicando que la Rep\u00fablica Dominicana alcanz\u00f3 en 2025 una producci\u00f3n r\u00e9cord de arroz de 14.38 millones de quintales, convirti\u00e9ndose en el mayor productor de este cereal en el Caribe y Centroam\u00e9rica. Asegur\u00f3 que el abastecimiento nacional est\u00e1 garantizado gracias a un inventario superior a los cinco millones de quintales.<br \/>\nBrache tambi\u00e9n inform\u00f3 que entre enero y marzo de 2026 las exportaciones totales del pa\u00eds ascendieron a 3,736.9 millones de d\u00f3lares, lo que representa un crecimiento superior al 18 % en comparaci\u00f3n con el mismo per\u00edodo de 2025, lo que evidencia que la industria dominicana est\u00e1 vendiendo m\u00e1s al mundo.<br \/>\nDe igual forma, resalt\u00f3 que esta misma semana la Comisi\u00f3n Econ\u00f3mica para Am\u00e9rica Latina y el Caribe (CEPAL)\u00a0revis\u00f3 al alza la proyecci\u00f3n de crecimiento\u00a0de la Rep\u00fablica Dominicana para 2026, coloc\u00e1ndola en\u00a04 %, muy por encima del promedio regional.<br \/>\nConfianza internacional en la estabilidad, resiliencia y capacidad de crecimiento del pa\u00eds<br \/>\nSeg\u00fan expres\u00f3, este reconocimiento reafirma la\u00a0confianza internacional en la estabilidad, resiliencia y capacidad de crecimiento del pa\u00eds, consolid\u00e1ndolo como una de las econom\u00edas con mejores perspectivas de la regi\u00f3n y como un destino confiable para la inversi\u00f3n y el desarrollo productivo.<br \/>\nEl presidente de la AIRD se\u00f1al\u00f3 que esta conmemoraci\u00f3n se produce en un contexto global complejo,\u00a0marcado por tensiones geopol\u00edticas, dificultades en las cadenas de suministro y presiones energ\u00e9ticas.<br \/>\nReconoci\u00f3 que, al ser una econom\u00eda abierta, el pa\u00eds se expone a estos riesgos, pero tambi\u00e9n se beneficia de oportunidades, asegurando que la industria dominicana est\u00e1 mejor preparada que nunca para aprovecharlas.<br \/>\nBrache afirm\u00f3 que la Rep\u00fablica Dominicana tiene una oportunidad hist\u00f3rica\u00a0debido a la reconfiguraci\u00f3n de las cadenas globales de valor, el\u00a0nearshoring\u00a0y la b\u00fasqueda de proveedores m\u00e1s cercanos y confiables, factores que est\u00e1n redefiniendo la organizaci\u00f3n de la producci\u00f3n mundial.<br \/>\nSostuvo que el desarrollo industrial no ocurre por inercia, sino que depende de la calidad del entorno\u00a0en el que operan las empresas, la previsibilidad\u00a0de las reglas, la eficiencia institucional\u00a0y la capacidad de alinear pol\u00edticas p\u00fablicas con objetivos de producci\u00f3n, productividad y competitividad.<br \/>\nExplic\u00f3 que la formalidad\u00a0genera datos, confianza, acceso al financiamiento y fortalece la base fiscal que sostiene los servicios p\u00fablicos. Para construirla, indic\u00f3, se requiere reducir costos, simplificar procesos y hacerla atractiva, no solo obligatoria.<br \/>\nEl segundo desaf\u00edo identificado por Brache es el entorno regulatorio. Se\u00f1al\u00f3 que la industria cree en la regulaci\u00f3n como mecanismo para generar orden, transparencia y confianza,\u00a0pero insisti\u00f3 en que esta debe ser clara, coherente y aplicada de manera homog\u00e9nea.<br \/>\nCapacidad de expansi\u00f3n, diversificaci\u00f3n y modernizaci\u00f3n del sector industrial dominicano<br \/>\nDestac\u00f3 que existen se\u00f1ales positivas en el sector industrial dominicano, se\u00f1alando que ha mostrado capacidad de expansi\u00f3n, diversificaci\u00f3n y modernizaci\u00f3n. Mencion\u00f3 que existen empresas que incorporan tecnolog\u00edas, elevan est\u00e1ndares de calidad, apuestan por la sostenibilidad y ampl\u00edan su visi\u00f3n m\u00e1s all\u00e1 del mercado local.<br \/>\nBrache expuso que ning\u00fan pa\u00eds logra una transformaci\u00f3n productiva significativa sin coordinaci\u00f3n, por lo que llam\u00f3 a alinear esfuerzos entre el sector p\u00fablico, el sector privado, la academia y la cooperaci\u00f3n internacional en torno a una visi\u00f3n com\u00fan. En ese sentido, indic\u00f3 que el pa\u00eds debe mantener espacios de di\u00e1logo\u00a0que superen el diagn\u00f3stico y se traduzcan en soluciones concretas, con un compromiso nacional que priorice productividad, inversi\u00f3n, empleo formal y competitividad, pero con sentido de urgencia.<br \/>\nBrache agradeci\u00f3 al Banco Popular Dominicano, Banco BHD y Scotiabank por su respaldo al estudio elaborado por la firma DASA y expres\u00f3 que este apoyo evidencia el compromiso del sector financiero con el fortalecimiento de la industria, el endeudamiento productivo, los encadenamientos productivos y la construcci\u00f3n de una econom\u00eda m\u00e1s integrada, competitiva y sostenible.<br \/>\nAbogan por competencia justa y fortalecimiento del sector formal<br \/>\nDe su lado, el vicepresidente ejecutivo de la AIRD, Mario E. Pujols, subray\u00f3 la importancia de continuar fortaleciendo el marco regulatorio y las condiciones del mercado\u00a0para garantizar una competencia justa. Destac\u00f3 que el cumplimiento de normativas como el etiquetado en espa\u00f1ol y los registros sanitarios contribuye a la protecci\u00f3n del consumidor y al orden del sector productivo.<br \/>\nEn ese contexto, abog\u00f3 por reforzar los mecanismos de defensa comercial\u00a0y asegurar reglas claras para todos los actores,\u00a0a fin de consolidar un entorno m\u00e1s competitivo y equilibrado y plante\u00f3 la necesidad de impulsar reformas laborales y de seguridad social con un enfoque gradual\u00a0y sostenible, orientado a fomentar la formalidad, incentivar la creaci\u00f3n de empleos de calidad y fortalecer la estabilidad del sistema productivo.<br \/>\nEn el acto estuvieron presentes el ministro de Industria, Comercio y Mipymes, Eduardo Sanz Lovat\u00f3n; de Trabajo, Eddy Olivares; de Educaci\u00f3n, Luis Miguel De Camps; de Energ\u00eda y Minas, Joel Santos; y de Medio Ambiente, Pa\u00edno Henr\u00edquez. Tambi\u00e9n asistieron la directora de ProDominicana, Biviana Riveiro; la presidenta de ProCompetencia, Mar\u00eda Elena V\u00e1squez; el director de ProConsumidor, Eddy Alc\u00e1ntara, as\u00ed como representantes de distintos gremios.\u00a0\u00a0\u00a0<\/p>\n","protected":false},"excerpt":{"rendered":"<p>Presidente de la Asociaci\u00f3n de Industrias de la Rep\u00fablica Dominicana destaca crecimiento econ\u00f3mico y potencial industrial de la Rep\u00fablica Dominicana yamellrossi 30 de Abril 2026 | 12:30 Santo Domingo.- En un acto que cont\u00f3 con la participaci\u00f3n del presidente Luis Abinader, el presidente de la Asociaci\u00f3n de Industrias de la Rep\u00fablica Dominicana (AIRD),\u00a0Julio Brache, destac\u00f3 [&hellip;]<\/p>\n","protected":false},"author":1,"featured_media":26638,"comment_status":"open","ping_status":"open","sticky":false,"template":"","format":"standard","meta":{"amp_status":"","footnotes":""},"categories":[8],"tags":[],"class_list":["post-26637","post","type-post","status-publish","format-standard","has-post-thumbnail","hentry","category-republica"],"_links":{"self":[{"href":"https:\/\/ermdigital.com\/index.php?rest_route=\/wp\/v2\/posts\/26637","targetHints":{"allow":["GET"]}}],"collection":[{"href":"https:\/\/ermdigital.com\/index.php?rest_route=\/wp\/v2\/posts"}],"about":[{"href":"https:\/\/ermdigital.com\/index.php?rest_route=\/wp\/v2\/types\/post"}],"author":[{"embeddable":true,"href":"https:\/\/ermdigital.com\/index.php?rest_route=\/wp\/v2\/users\/1"}],"replies":[{"embeddable":true,"href":"https:\/\/ermdigital.com\/index.php?rest_route=%2Fwp%2Fv2%2Fcomments&post=26637"}],"version-history":[{"count":0,"href":"https:\/\/ermdigital.com\/index.php?rest_route=\/wp\/v2\/posts\/26637\/revisions"}],"wp:featuredmedia":[{"embeddable":true,"href":"https:\/\/ermdigital.com\/index.php?rest_route=\/wp\/v2\/media\/26638"}],"wp:attachment":[{"href":"https:\/\/ermdigital.com\/index.php?rest_route=%2Fwp%2Fv2%2Fmedia&parent=26637"}],"wp:term":[{"taxonomy":"category","embeddable":true,"href":"https:\/\/ermdigital.com\/index.php?rest_route=%2Fwp%2Fv2%2Fcategories&post=26637"},{"taxonomy":"post_tag","embeddable":true,"href":"https:\/\/ermdigital.com\/index.php?rest_route=%2Fwp%2Fv2%2Ftags&post=26637"}],"curies":[{"name":"wp","href":"https:\/\/api.w.org\/{rel}","templated":true}]}}