{"id":26630,"date":"2026-04-30T12:22:04","date_gmt":"2026-04-30T16:22:04","guid":{"rendered":"https:\/\/ermdigital.com\/?p=26630"},"modified":"2026-04-30T12:22:04","modified_gmt":"2026-04-30T16:22:04","slug":"raquel-pena-encabeza-segundo-congreso-del-caid-sobre-la-inclusion-mas-alla-del-diagnostico","status":"publish","type":"post","link":"https:\/\/ermdigital.com\/?p=26630","title":{"rendered":"Raquel Pe\u00f1a encabeza segundo congreso del CAID sobre la inclusi\u00f3n m\u00e1s all\u00e1 del diagn\u00f3stico\u00a0"},"content":{"rendered":"<p>&lt;![CDATA[<\/p>\n<p>La <b>vicepresidenta de la Rep\u00fablica<\/b>, <b>Raquel Pe\u00f1a<\/b>, encabez\u00f3 el segundo congreso del <b>Centro de Atenci\u00f3n Integral para la Discapacidad<\/b> (CAID) titulado \u201cInclusi\u00f3n, m\u00e1s all\u00e1 del diagn\u00f3stico\u201d, un espacio donde expertos compartieron sus conocimientos, experiencias y avances en torno a la inclusi\u00f3n.<\/p>\n<p><a href=\"https:\/\/listindiario.com\/la-republica\/20260430\/raquel-pena-encabeza-segundo-congreso-caid-sobre-inclusion-mas-diagnostico_903897.html\">wf_cms.rss.read_more<\/a><\/p>\n<p>]]&gt;<\/p>\n<p>\u200bEste congreso estar\u00e1 expuesto los d\u00edas 30 de abril hasta el primero de mayo en el Hotel Catalonia, ubicado en la avenida George Washington.\u00a0\u00a0La Rep\u00fablica\u00a0<\/p>\n","protected":false},"excerpt":{"rendered":"<p>&lt;![CDATA[ La vicepresidenta de la Rep\u00fablica, Raquel Pe\u00f1a, encabez\u00f3 el segundo congreso del Centro de Atenci\u00f3n Integral para la Discapacidad (CAID) titulado \u201cInclusi\u00f3n, m\u00e1s all\u00e1 del diagn\u00f3stico\u201d, un espacio donde expertos compartieron sus conocimientos, experiencias y avances en torno a la inclusi\u00f3n. wf_cms.rss.read_more ]]&gt; \u200bEste congreso estar\u00e1 expuesto los d\u00edas 30 de abril hasta el [&hellip;]<\/p>\n","protected":false},"author":1,"featured_media":26631,"comment_status":"open","ping_status":"open","sticky":false,"template":"","format":"standard","meta":{"amp_status":"","footnotes":""},"categories":[5],"tags":[],"class_list":["post-26630","post","type-post","status-publish","format-standard","has-post-thumbnail","hentry","category-politica"],"_links":{"self":[{"href":"https:\/\/ermdigital.com\/index.php?rest_route=\/wp\/v2\/posts\/26630","targetHints":{"allow":["GET"]}}],"collection":[{"href":"https:\/\/ermdigital.com\/index.php?rest_route=\/wp\/v2\/posts"}],"about":[{"href":"https:\/\/ermdigital.com\/index.php?rest_route=\/wp\/v2\/types\/post"}],"author":[{"embeddable":true,"href":"https:\/\/ermdigital.com\/index.php?rest_route=\/wp\/v2\/users\/1"}],"replies":[{"embeddable":true,"href":"https:\/\/ermdigital.com\/index.php?rest_route=%2Fwp%2Fv2%2Fcomments&post=26630"}],"version-history":[{"count":0,"href":"https:\/\/ermdigital.com\/index.php?rest_route=\/wp\/v2\/posts\/26630\/revisions"}],"wp:featuredmedia":[{"embeddable":true,"href":"https:\/\/ermdigital.com\/index.php?rest_route=\/wp\/v2\/media\/26631"}],"wp:attachment":[{"href":"https:\/\/ermdigital.com\/index.php?rest_route=%2Fwp%2Fv2%2Fmedia&parent=26630"}],"wp:term":[{"taxonomy":"category","embeddable":true,"href":"https:\/\/ermdigital.com\/index.php?rest_route=%2Fwp%2Fv2%2Fcategories&post=26630"},{"taxonomy":"post_tag","embeddable":true,"href":"https:\/\/ermdigital.com\/index.php?rest_route=%2Fwp%2Fv2%2Ftags&post=26630"}],"curies":[{"name":"wp","href":"https:\/\/api.w.org\/{rel}","templated":true}]}}