{"id":26628,"date":"2026-04-30T12:23:06","date_gmt":"2026-04-30T16:23:06","guid":{"rendered":"https:\/\/ermdigital.com\/?p=26628"},"modified":"2026-04-30T12:23:06","modified_gmt":"2026-04-30T16:23:06","slug":"fijan-para-5-de-mayo-continuacion-de-medida-de-coercion-a-fiscal-acusado-de-recibir-10-mil-dolares","status":"publish","type":"post","link":"https:\/\/ermdigital.com\/?p=26628","title":{"rendered":"Fijan para 5 de mayo continuaci\u00f3n de medida de coerci\u00f3n a fiscal acusado de recibir 10 mil d\u00f3lares\u00a0"},"content":{"rendered":"<p>&lt;![CDATA[<\/p>\n<p>La jueza de Instrucci\u00f3n Especial,<b> Isis Mu\u00f1iz,<\/b> continuar\u00e1 el 5 de mayo con el conocimiento de la medida de coerci\u00f3n en contra del fiscal Aurelio Valdez Alc\u00e1ntara, acusado de recibir un soborno de 10,000 d\u00f3lares por parte de un testigo vinculado al caso Senasa.<\/p>\n<p><a href=\"https:\/\/listindiario.com\/la-republica\/justicia\/20260430\/jueza-fija-5-mayo-continuacion-medida-coercion-fiscal-acusado-recibir-10-mil-dolares_903900.html\">wf_cms.rss.read_more<\/a><\/p>\n<p>]]&gt;<\/p>\n<p>\u200bLa magistrada conocer\u00e1 a las 2:00 de la tarde la solicitud de medida de coerci\u00f3n presentada contra el fiscal, quien se encuentra recluido en la c\u00e1rcel preventiva del Palacio de Justicia de Ciudad Nueva.\u00a0\u00a0Justicia\u00a0<\/p>\n","protected":false},"excerpt":{"rendered":"<p>&lt;![CDATA[ La jueza de Instrucci\u00f3n Especial, Isis Mu\u00f1iz, continuar\u00e1 el 5 de mayo con el conocimiento de la medida de coerci\u00f3n en contra del fiscal Aurelio Valdez Alc\u00e1ntara, acusado de recibir un soborno de 10,000 d\u00f3lares por parte de un testigo vinculado al caso Senasa. wf_cms.rss.read_more ]]&gt; \u200bLa magistrada conocer\u00e1 a las 2:00 de la [&hellip;]<\/p>\n","protected":false},"author":1,"featured_media":26629,"comment_status":"open","ping_status":"open","sticky":false,"template":"","format":"standard","meta":{"amp_status":"","footnotes":""},"categories":[5],"tags":[],"class_list":["post-26628","post","type-post","status-publish","format-standard","has-post-thumbnail","hentry","category-politica"],"_links":{"self":[{"href":"https:\/\/ermdigital.com\/index.php?rest_route=\/wp\/v2\/posts\/26628","targetHints":{"allow":["GET"]}}],"collection":[{"href":"https:\/\/ermdigital.com\/index.php?rest_route=\/wp\/v2\/posts"}],"about":[{"href":"https:\/\/ermdigital.com\/index.php?rest_route=\/wp\/v2\/types\/post"}],"author":[{"embeddable":true,"href":"https:\/\/ermdigital.com\/index.php?rest_route=\/wp\/v2\/users\/1"}],"replies":[{"embeddable":true,"href":"https:\/\/ermdigital.com\/index.php?rest_route=%2Fwp%2Fv2%2Fcomments&post=26628"}],"version-history":[{"count":0,"href":"https:\/\/ermdigital.com\/index.php?rest_route=\/wp\/v2\/posts\/26628\/revisions"}],"wp:featuredmedia":[{"embeddable":true,"href":"https:\/\/ermdigital.com\/index.php?rest_route=\/wp\/v2\/media\/26629"}],"wp:attachment":[{"href":"https:\/\/ermdigital.com\/index.php?rest_route=%2Fwp%2Fv2%2Fmedia&parent=26628"}],"wp:term":[{"taxonomy":"category","embeddable":true,"href":"https:\/\/ermdigital.com\/index.php?rest_route=%2Fwp%2Fv2%2Fcategories&post=26628"},{"taxonomy":"post_tag","embeddable":true,"href":"https:\/\/ermdigital.com\/index.php?rest_route=%2Fwp%2Fv2%2Ftags&post=26628"}],"curies":[{"name":"wp","href":"https:\/\/api.w.org\/{rel}","templated":true}]}}