{"id":26626,"date":"2026-04-30T12:25:19","date_gmt":"2026-04-30T16:25:19","guid":{"rendered":"https:\/\/ermdigital.com\/?p=26626"},"modified":"2026-04-30T12:25:19","modified_gmt":"2026-04-30T16:25:19","slug":"enfermeras-y-no-videntes-reclaman-en-el-palacio-nacional-no-nos-moveremos-hasta-recibir-respuesta","status":"publish","type":"post","link":"https:\/\/ermdigital.com\/?p=26626","title":{"rendered":"Enfermeras y no videntes reclaman en el Palacio Nacional: \u201cNo nos moveremos hasta recibir respuesta\u201d\u00a0"},"content":{"rendered":"<p>&lt;![CDATA[<\/p>\n<p>El Centro de Capacitaci\u00f3n para Ciegos (<b>Cecapci<\/b>) y la Asociaci\u00f3n Nacional de Enfermeras (<b>Asonaen<\/b>) se plantaron frente al Palacio Nacional por diferentes motivos pero con el mismo prop\u00f3sito: \u201c<b>ser escuchados<\/b>\u201d.<\/p>\n<p><a href=\"https:\/\/listindiario.com\/la-republica\/ciudad\/20260430\/enfermeras-e-invidentes-reclaman-frente-palacio-nacional-moveremos-recibir-respuesta_903885.html\">wf_cms.rss.read_more<\/a><\/p>\n<p>]]&gt;<\/p>\n<p>\u200bAunque coinciden con las enfermeras en ocupar un espacio frente al Palacio Nacional, el reclamo del Centro de Capacitaci\u00f3n de Ciegos, ya se extiende por tres d\u00edas y esperan que el presidente Abinader los escuche y los atienda\u00a0\u00a0Ciudad\u00a0<\/p>\n","protected":false},"excerpt":{"rendered":"<p>&lt;![CDATA[ El Centro de Capacitaci\u00f3n para Ciegos (Cecapci) y la Asociaci\u00f3n Nacional de Enfermeras (Asonaen) se plantaron frente al Palacio Nacional por diferentes motivos pero con el mismo prop\u00f3sito: \u201cser escuchados\u201d. wf_cms.rss.read_more ]]&gt; \u200bAunque coinciden con las enfermeras en ocupar un espacio frente al Palacio Nacional, el reclamo del Centro de Capacitaci\u00f3n de Ciegos, ya [&hellip;]<\/p>\n","protected":false},"author":1,"featured_media":26627,"comment_status":"open","ping_status":"open","sticky":false,"template":"","format":"standard","meta":{"amp_status":"","footnotes":""},"categories":[5],"tags":[],"class_list":["post-26626","post","type-post","status-publish","format-standard","has-post-thumbnail","hentry","category-politica"],"_links":{"self":[{"href":"https:\/\/ermdigital.com\/index.php?rest_route=\/wp\/v2\/posts\/26626","targetHints":{"allow":["GET"]}}],"collection":[{"href":"https:\/\/ermdigital.com\/index.php?rest_route=\/wp\/v2\/posts"}],"about":[{"href":"https:\/\/ermdigital.com\/index.php?rest_route=\/wp\/v2\/types\/post"}],"author":[{"embeddable":true,"href":"https:\/\/ermdigital.com\/index.php?rest_route=\/wp\/v2\/users\/1"}],"replies":[{"embeddable":true,"href":"https:\/\/ermdigital.com\/index.php?rest_route=%2Fwp%2Fv2%2Fcomments&post=26626"}],"version-history":[{"count":0,"href":"https:\/\/ermdigital.com\/index.php?rest_route=\/wp\/v2\/posts\/26626\/revisions"}],"wp:featuredmedia":[{"embeddable":true,"href":"https:\/\/ermdigital.com\/index.php?rest_route=\/wp\/v2\/media\/26627"}],"wp:attachment":[{"href":"https:\/\/ermdigital.com\/index.php?rest_route=%2Fwp%2Fv2%2Fmedia&parent=26626"}],"wp:term":[{"taxonomy":"category","embeddable":true,"href":"https:\/\/ermdigital.com\/index.php?rest_route=%2Fwp%2Fv2%2Fcategories&post=26626"},{"taxonomy":"post_tag","embeddable":true,"href":"https:\/\/ermdigital.com\/index.php?rest_route=%2Fwp%2Fv2%2Ftags&post=26626"}],"curies":[{"name":"wp","href":"https:\/\/api.w.org\/{rel}","templated":true}]}}