{"id":26624,"date":"2026-04-30T12:43:09","date_gmt":"2026-04-30T16:43:09","guid":{"rendered":"https:\/\/ermdigital.com\/?p=26624"},"modified":"2026-04-30T12:43:09","modified_gmt":"2026-04-30T16:43:09","slug":"mas-de-124-mil-haitianos-repatriados-entre-enero-y-abril-segun-migracion","status":"publish","type":"post","link":"https:\/\/ermdigital.com\/?p=26624","title":{"rendered":"M\u00e1s de 124 mil haitianos repatriados entre enero y abril, seg\u00fan Migraci\u00f3n\u00a0"},"content":{"rendered":"<p>&lt;![CDATA[<\/p>\n<p>El director general de la <b>Direcci\u00f3n General de Migraci\u00f3n <\/b>(DGM), <b>Luis Rafael Lee Ballester<\/b>, inform\u00f3 este jueves que en los primeros cuatro meses del a\u00f1o en curso han sido repatriados \u201cunos 124 mil\u201d ciudadanos haitianos, al tiempo que calific\u00f3 como \u201c<b>insignificante<\/b>\u201d la inversi\u00f3n del <b>Estado dominicano<\/b> al realizar este  programa.<\/p>\n<p><a href=\"https:\/\/listindiario.com\/la-republica\/20260430\/mas-1-024-mil-haitianos-repatriados-enero-abril-migracion_903894.html\">wf_cms.rss.read_more<\/a><\/p>\n<p>]]&gt;<\/p>\n<p>\u200bEstas declaraciones fueron ofrecidas tras la misa celebrada por el 87 aniversario de la Direcci\u00f3n General de Migraci\u00f3n en la Catedral Primada de Am\u00e9rica.\u00a0\u00a0La Rep\u00fablica\u00a0<\/p>\n","protected":false},"excerpt":{"rendered":"<p>&lt;![CDATA[ El director general de la Direcci\u00f3n General de Migraci\u00f3n (DGM), Luis Rafael Lee Ballester, inform\u00f3 este jueves que en los primeros cuatro meses del a\u00f1o en curso han sido repatriados \u201cunos 124 mil\u201d ciudadanos haitianos, al tiempo que calific\u00f3 como \u201cinsignificante\u201d la inversi\u00f3n del Estado dominicano al realizar este programa. wf_cms.rss.read_more ]]&gt; \u200bEstas declaraciones [&hellip;]<\/p>\n","protected":false},"author":1,"featured_media":26625,"comment_status":"open","ping_status":"open","sticky":false,"template":"","format":"standard","meta":{"amp_status":"","footnotes":""},"categories":[5],"tags":[],"class_list":["post-26624","post","type-post","status-publish","format-standard","has-post-thumbnail","hentry","category-politica"],"_links":{"self":[{"href":"https:\/\/ermdigital.com\/index.php?rest_route=\/wp\/v2\/posts\/26624","targetHints":{"allow":["GET"]}}],"collection":[{"href":"https:\/\/ermdigital.com\/index.php?rest_route=\/wp\/v2\/posts"}],"about":[{"href":"https:\/\/ermdigital.com\/index.php?rest_route=\/wp\/v2\/types\/post"}],"author":[{"embeddable":true,"href":"https:\/\/ermdigital.com\/index.php?rest_route=\/wp\/v2\/users\/1"}],"replies":[{"embeddable":true,"href":"https:\/\/ermdigital.com\/index.php?rest_route=%2Fwp%2Fv2%2Fcomments&post=26624"}],"version-history":[{"count":0,"href":"https:\/\/ermdigital.com\/index.php?rest_route=\/wp\/v2\/posts\/26624\/revisions"}],"wp:featuredmedia":[{"embeddable":true,"href":"https:\/\/ermdigital.com\/index.php?rest_route=\/wp\/v2\/media\/26625"}],"wp:attachment":[{"href":"https:\/\/ermdigital.com\/index.php?rest_route=%2Fwp%2Fv2%2Fmedia&parent=26624"}],"wp:term":[{"taxonomy":"category","embeddable":true,"href":"https:\/\/ermdigital.com\/index.php?rest_route=%2Fwp%2Fv2%2Fcategories&post=26624"},{"taxonomy":"post_tag","embeddable":true,"href":"https:\/\/ermdigital.com\/index.php?rest_route=%2Fwp%2Fv2%2Ftags&post=26624"}],"curies":[{"name":"wp","href":"https:\/\/api.w.org\/{rel}","templated":true}]}}