{"id":26622,"date":"2026-04-30T12:46:17","date_gmt":"2026-04-30T16:46:17","guid":{"rendered":"https:\/\/ermdigital.com\/?p=26622"},"modified":"2026-04-30T12:46:17","modified_gmt":"2026-04-30T16:46:17","slug":"museo-nacional-de-historia-y-geografia-reabre-sus-puertas-tras-inversion-de-50-millones-de-pesos","status":"publish","type":"post","link":"https:\/\/ermdigital.com\/?p=26622","title":{"rendered":"Museo Nacional de Historia y Geograf\u00eda reabre sus puertas tras inversi\u00f3n de 50 millones de pesos\u00a0"},"content":{"rendered":"<p>&lt;![CDATA[<\/p>\n<p>Tras m\u00e1s de una d\u00e9cada de cierres intermitentes, el <b>Museo Nacional de Historia y Geograf\u00eda (MNHG)<\/b> reabri\u00f3 sus puertas en la Plaza de la Cultura durante un acto encabezado la noche del pasado martes por el presidente <b>Luis Abinader<\/b>.<\/p>\n<p><a href=\"https:\/\/listindiario.com\/la-republica\/20260430\/museo-nacional-historia-geografia-reabre-puertas-inversion-50-millones-pesos_903895.html\">wf_cms.rss.read_more<\/a><\/p>\n<p>]]&gt;<\/p>\n<p>\u200bDe acuerdo con el director del museo, el dinero invertido fue destinado a la impermeabilizaci\u00f3n de los techos, la reparaci\u00f3n de paredes, la instalaci\u00f3n de un sistema de drenaje pluvial y la climatizaci\u00f3n con aire acondicionado central.\u00a0\u00a0La Rep\u00fablica\u00a0<\/p>\n","protected":false},"excerpt":{"rendered":"<p>&lt;![CDATA[ Tras m\u00e1s de una d\u00e9cada de cierres intermitentes, el Museo Nacional de Historia y Geograf\u00eda (MNHG) reabri\u00f3 sus puertas en la Plaza de la Cultura durante un acto encabezado la noche del pasado martes por el presidente Luis Abinader. wf_cms.rss.read_more ]]&gt; \u200bDe acuerdo con el director del museo, el dinero invertido fue destinado a [&hellip;]<\/p>\n","protected":false},"author":1,"featured_media":26623,"comment_status":"open","ping_status":"open","sticky":false,"template":"","format":"standard","meta":{"amp_status":"","footnotes":""},"categories":[5],"tags":[],"class_list":["post-26622","post","type-post","status-publish","format-standard","has-post-thumbnail","hentry","category-politica"],"_links":{"self":[{"href":"https:\/\/ermdigital.com\/index.php?rest_route=\/wp\/v2\/posts\/26622","targetHints":{"allow":["GET"]}}],"collection":[{"href":"https:\/\/ermdigital.com\/index.php?rest_route=\/wp\/v2\/posts"}],"about":[{"href":"https:\/\/ermdigital.com\/index.php?rest_route=\/wp\/v2\/types\/post"}],"author":[{"embeddable":true,"href":"https:\/\/ermdigital.com\/index.php?rest_route=\/wp\/v2\/users\/1"}],"replies":[{"embeddable":true,"href":"https:\/\/ermdigital.com\/index.php?rest_route=%2Fwp%2Fv2%2Fcomments&post=26622"}],"version-history":[{"count":0,"href":"https:\/\/ermdigital.com\/index.php?rest_route=\/wp\/v2\/posts\/26622\/revisions"}],"wp:featuredmedia":[{"embeddable":true,"href":"https:\/\/ermdigital.com\/index.php?rest_route=\/wp\/v2\/media\/26623"}],"wp:attachment":[{"href":"https:\/\/ermdigital.com\/index.php?rest_route=%2Fwp%2Fv2%2Fmedia&parent=26622"}],"wp:term":[{"taxonomy":"category","embeddable":true,"href":"https:\/\/ermdigital.com\/index.php?rest_route=%2Fwp%2Fv2%2Fcategories&post=26622"},{"taxonomy":"post_tag","embeddable":true,"href":"https:\/\/ermdigital.com\/index.php?rest_route=%2Fwp%2Fv2%2Ftags&post=26622"}],"curies":[{"name":"wp","href":"https:\/\/api.w.org\/{rel}","templated":true}]}}