{"id":26620,"date":"2026-04-30T12:47:08","date_gmt":"2026-04-30T16:47:08","guid":{"rendered":"https:\/\/ermdigital.com\/?p=26620"},"modified":"2026-04-30T12:47:08","modified_gmt":"2026-04-30T16:47:08","slug":"joel-santos-insiste-en-estudios-ambientales-para-decidir-sobre-proyecto-minero-romero","status":"publish","type":"post","link":"https:\/\/ermdigital.com\/?p=26620","title":{"rendered":"Joel Santos insiste en estudios ambientales para decidir sobre proyecto minero Romero\u00a0"},"content":{"rendered":"<p>&lt;![CDATA[<\/p>\n<p>El ministro de Energ\u00eda y Minas, Joel Santos, reiter\u00f3 este jueves que cualquier decisi\u00f3n sobre el proyecto minero Romero, en San Juan de la Maguana, debe basarse en estudios ambientales, al tiempo que reconoci\u00f3 la necesidad de <b>fortalecer los beneficios para las comunidades.<\/b><\/p>\n<p><a href=\"https:\/\/listindiario.com\/la-republica\/20260430\/joel-santos-insiste-estudios-ambientales-decidir-sobre-proyecto-minero-romero_903886.html\">wf_cms.rss.read_more<\/a><\/p>\n<p>]]&gt;<\/p>\n<p>\u200bEl presidente Luis Abinader tambi\u00e9n asisti\u00f3 a la actividad, y se neg\u00f3 a responder preguntas de la prensa a su salida de la AIRD.\u00a0\u00a0La Rep\u00fablica\u00a0<\/p>\n","protected":false},"excerpt":{"rendered":"<p>&lt;![CDATA[ El ministro de Energ\u00eda y Minas, Joel Santos, reiter\u00f3 este jueves que cualquier decisi\u00f3n sobre el proyecto minero Romero, en San Juan de la Maguana, debe basarse en estudios ambientales, al tiempo que reconoci\u00f3 la necesidad de fortalecer los beneficios para las comunidades. wf_cms.rss.read_more ]]&gt; \u200bEl presidente Luis Abinader tambi\u00e9n asisti\u00f3 a la actividad, [&hellip;]<\/p>\n","protected":false},"author":1,"featured_media":26621,"comment_status":"open","ping_status":"open","sticky":false,"template":"","format":"standard","meta":{"amp_status":"","footnotes":""},"categories":[5],"tags":[],"class_list":["post-26620","post","type-post","status-publish","format-standard","has-post-thumbnail","hentry","category-politica"],"_links":{"self":[{"href":"https:\/\/ermdigital.com\/index.php?rest_route=\/wp\/v2\/posts\/26620","targetHints":{"allow":["GET"]}}],"collection":[{"href":"https:\/\/ermdigital.com\/index.php?rest_route=\/wp\/v2\/posts"}],"about":[{"href":"https:\/\/ermdigital.com\/index.php?rest_route=\/wp\/v2\/types\/post"}],"author":[{"embeddable":true,"href":"https:\/\/ermdigital.com\/index.php?rest_route=\/wp\/v2\/users\/1"}],"replies":[{"embeddable":true,"href":"https:\/\/ermdigital.com\/index.php?rest_route=%2Fwp%2Fv2%2Fcomments&post=26620"}],"version-history":[{"count":0,"href":"https:\/\/ermdigital.com\/index.php?rest_route=\/wp\/v2\/posts\/26620\/revisions"}],"wp:featuredmedia":[{"embeddable":true,"href":"https:\/\/ermdigital.com\/index.php?rest_route=\/wp\/v2\/media\/26621"}],"wp:attachment":[{"href":"https:\/\/ermdigital.com\/index.php?rest_route=%2Fwp%2Fv2%2Fmedia&parent=26620"}],"wp:term":[{"taxonomy":"category","embeddable":true,"href":"https:\/\/ermdigital.com\/index.php?rest_route=%2Fwp%2Fv2%2Fcategories&post=26620"},{"taxonomy":"post_tag","embeddable":true,"href":"https:\/\/ermdigital.com\/index.php?rest_route=%2Fwp%2Fv2%2Ftags&post=26620"}],"curies":[{"name":"wp","href":"https:\/\/api.w.org\/{rel}","templated":true}]}}