{"id":26613,"date":"2026-04-30T11:27:26","date_gmt":"2026-04-30T15:27:26","guid":{"rendered":"https:\/\/ermdigital.com\/?p=26613"},"modified":"2026-04-30T11:27:26","modified_gmt":"2026-04-30T15:27:26","slug":"consejo-nacional-de-educacion-superior-ciencia-y-tecnologia-aprueba-reforma-educativa-y-nuevas-ofertas-academicas","status":"publish","type":"post","link":"https:\/\/ermdigital.com\/?p=26613","title":{"rendered":"Consejo Nacional de Educaci\u00f3n Superior, Ciencia y Tecnolog\u00eda aprueba reforma educativa y nuevas ofertas acad\u00e9micas"},"content":{"rendered":"<p><span class=\"field field--name-title field--type-string field--label-hidden\">Consejo Nacional de Educaci\u00f3n Superior, Ciencia y Tecnolog\u00eda aprueba reforma educativa y nuevas ofertas acad\u00e9micas<\/span><br \/>\n<span class=\"field field--name-uid field--type-entity-reference field--label-hidden\"><span>yamellrossi<\/span><\/span><br \/>\n<span class=\"field field--name-created field--type-created field--label-hidden\"><time datetime=\"2026-04-30T11:27:26-04:00\" title=\"Jueves, Abril 30, 2026 - 11:27\" class=\"datetime\">30 de  Abril 2026 | 11:27<\/time><br \/>\n<\/span><\/p>\n<div class=\"clearfix text-formatted field field--name-body field--type-text-with-summary field--label-hidden field__item\">\n<p dir=\"ltr\"><span>Santo Domingo.\u2013 El Consejo Nacional de Educaci\u00f3n Superior, Ciencia y Tecnolog\u00eda\u00a0<\/span><strong>(Conescyt)<\/strong><span> aprob\u00f3 por\u00a0<\/span><strong>consenso y<\/strong><span>\u00a0<\/span><strong>unanimidad<\/strong><span> los trabajos correspondientes a la\u00a0<\/span><strong>reforma educativa impulsada por el Gobierno dominicano<\/strong><span>. La aprobaci\u00f3n tuvo lugar durante su\u00a0<\/span><strong>primera sesi\u00f3n ordinaria<\/strong><span> celebrada el 28 de abril de 2026, la cual fue presidida por el ministro de Educaci\u00f3n Superior, Ciencia y Tecnolog\u00eda,\u00a0<\/span><strong>Rafael Santos Bad\u00eda.<\/strong><\/p>\n<p dir=\"ltr\"><span>Esta decisi\u00f3n constituye un\u00a0<\/span><strong>paso estrat\u00e9gico<\/strong><span> para la transformaci\u00f3n del sistema de\u00a0<\/span><strong>educaci\u00f3n superior nacional<\/strong><span>, alineado con la necesidad de responder de manera efectiva a los\u00a0<\/span><strong>desaf\u00edos del contexto global,<\/strong><span> caracterizado por profundos\u00a0<\/span><strong>cambios geopol\u00edticos<\/strong><span>, acelerados\u00a0<\/span><strong>avances tecnol\u00f3gicos<\/strong><span> y nuevas\u00a0<\/span><strong>din\u00e1micas econ\u00f3micas.<\/strong><\/p>\n<p dir=\"ltr\"><span>En el marco de esta sesi\u00f3n, el Conescyt tambi\u00e9n aprob\u00f3 la incorporaci\u00f3n de\u00a0<\/span><strong>nuevas ofertas acad\u00e9micas<\/strong><span>, incluyendo programas t\u00e9cnicos superiores, licenciaturas y maestr\u00edas. Entre las propuestas aprobadas se destacan el\u00a0<\/span><strong>t\u00e9cnico superior en Animaci\u00f3n Digital<\/strong><span>, del Instituto Tecnol\u00f3gico de las Am\u00e9ricas\u00a0<\/span><strong>(ITLA)<\/strong><span>, y el\u00a0<\/span><strong>t\u00e9cnico superior en Agrimensura<\/strong><span>, de la Universidad Agroforestal Fernando Arturo de Meri\u00f1o\u00a0<\/span><strong>(Uafam)<\/strong><span>. Asimismo, fueron autorizados programas acad\u00e9micos en\u00a0<\/span><strong>Dise\u00f1o de Moda y Dise\u00f1o de Interiores<\/strong><span>, este \u00faltimo impulsado por el Instituto T\u00e9cnico Superior Mercy Jacquez\u00a0<\/span><strong>(ITESUMJ)<\/strong><span>.<\/span><\/p>\n<p dir=\"ltr\"><span>Durante su intervenci\u00f3n, el ministro Rafael Santos Bad\u00eda resalt\u00f3 la importancia de avanzar hacia la\u00a0<\/span><strong>construcci\u00f3n de un modelo educativo propio<\/strong><span>, contextualizado a las\u00a0<\/span><strong>realidades y necesidades del pa\u00eds<\/strong><span>, que fortalezca la generaci\u00f3n, el uso y la difusi\u00f3n del conocimiento.<\/span><\/p>\n<p dir=\"ltr\"><em>\u201cNosotros necesitamos construir un sistema educativo que ense\u00f1e conocimiento, que ense\u00f1e a la gente a utilizar el conocimiento y que ense\u00f1e a difundirlo\u201d,<\/em><span> expres\u00f3.<\/span><\/p>\n<p dir=\"ltr\"><span>En ese sentido, se\u00f1al\u00f3 que el sistema educativo nacional debe\u00a0<\/span><strong>responder de manera proactiva<\/strong><span> a las\u00a0<\/span><strong>transformaciones<\/strong><span> que se producen en el\u00a0<\/span><strong>\u00e1mbito internacional<\/strong><span>, promoviendo una formaci\u00f3n pertinente que garantice la\u00a0<\/span><strong>preparaci\u00f3n integral del capital humano dominicano.<\/strong><\/p>\n<p dir=\"ltr\"><span>Asimismo, destac\u00f3 la necesidad de una educaci\u00f3n orientada a\u00a0<\/span><strong>la empleabilidad, la innovaci\u00f3n y el desarrollo de competencias relevantes<\/strong><span>, a fin de asegurar que los egresados del sistema de educaci\u00f3n superior cuenten con las capacidades necesarias para su\u00a0<\/span><strong>inserci\u00f3n efectiva en el mercado laboral actual y futuro.<\/strong><\/p>\n<p dir=\"ltr\"><span>El ministro subray\u00f3 que la reforma educativa aprobada tiene como ejes fundamentales el\u00a0<\/span><strong>fortalecimiento de la investigaci\u00f3n, la ciencia y la tecnolog\u00eda<\/strong><span>, as\u00ed como la consolidaci\u00f3n de un sistema de educaci\u00f3n superior m\u00e1s articulado, eficiente y orientado al\u00a0<\/span><strong>desarrollo sostenible<\/strong><span> de Rep\u00fablica Dominicana.<\/span><\/p>\n<p dir=\"ltr\"><strong>La sesi\u00f3n del Conescyt cont\u00f3 con la participaci\u00f3n de sus miembros<\/strong><span>, presididos por el ministro Santos Bad\u00eda, e integrados por el padre Isaac Garc\u00eda, Wendy Ram\u00edrez, Jos\u00e9 Ram\u00f3n Holgu\u00edn, el reverendo Secilio Espinal, Jos\u00e9 Leandro Aybar, Jos\u00e9 Hazim, Radham\u00e9s Silverio, V\u00e1zquez Espinoza, Yahaira Rosa, Yolanda Salazar, C\u00e9sar Guzm\u00e1n, Minerva Emilia Pereira, Osmar Olivo, Edison Franco, Israel Contreras, Modesto Cruz, Eladio Arnaud, Odalis Guillermo, Radham\u00e9s Mej\u00eda, Ram\u00f3n S\u00e1nchez, Francisco Viloria, Carmen Molina, Paula Disla, Otto Vargas, Genaro Rodr\u00edguez, Carmen Evaristo y Oscar Amarg\u00f3s.<\/span><\/p>\n<p><span>La aprobaci\u00f3n de la reforma educativa y de la nueva oferta acad\u00e9mica se realiz\u00f3 conforme a los\u00a0<\/span><strong>principios y mecanismos democr\u00e1ticos establecidos en el seno del Consejo,<\/strong><span> consolidando un proceso orientado a sentar las bases de una\u00a0<\/span><strong>transformaci\u00f3n estructural y sostenible del sistema de educaci\u00f3n superior dominicano.<\/strong><\/p>\n<\/div>\n<div class=\"field field--name-field-image field--type-image field--label-hidden field__item\">  <img decoding=\"async\" loading=\"lazy\" src=\"https:\/\/www.presidencia.gob.do\/sites\/default\/files\/news\/2026-04\/WhatsApp%20Image%202026-04-30%20at%2010.31.25%20AM%20%281%29%20-%20copia.jpeg\" width=\"4032\" height=\"3024\" alt=\"Energia\"><\/p>\n<\/div>\n<p>\u00a0Consejo Nacional de Educaci\u00f3n Superior, Ciencia y Tecnolog\u00eda aprueba reforma educativa y nuevas ofertas acad\u00e9micas<br \/>\nyamellrossi<br \/>\n30 de  Abril 2026 | 11:27<\/p>\n<p>            Santo Domingo.\u2013 El Consejo Nacional de Educaci\u00f3n Superior, Ciencia y Tecnolog\u00eda\u00a0(Conescyt) aprob\u00f3 por\u00a0consenso y\u00a0unanimidad los trabajos correspondientes a la\u00a0reforma educativa impulsada por el Gobierno dominicano. La aprobaci\u00f3n tuvo lugar durante su\u00a0primera sesi\u00f3n ordinaria celebrada el 28 de abril de 2026, la cual fue presidida por el ministro de Educaci\u00f3n Superior, Ciencia y Tecnolog\u00eda,\u00a0Rafael Santos Bad\u00eda.<br \/>\nEsta decisi\u00f3n constituye un\u00a0paso estrat\u00e9gico para la transformaci\u00f3n del sistema de\u00a0educaci\u00f3n superior nacional, alineado con la necesidad de responder de manera efectiva a los\u00a0desaf\u00edos del contexto global, caracterizado por profundos\u00a0cambios geopol\u00edticos, acelerados\u00a0avances tecnol\u00f3gicos y nuevas\u00a0din\u00e1micas econ\u00f3micas.<br \/>\nEn el marco de esta sesi\u00f3n, el Conescyt tambi\u00e9n aprob\u00f3 la incorporaci\u00f3n de\u00a0nuevas ofertas acad\u00e9micas, incluyendo programas t\u00e9cnicos superiores, licenciaturas y maestr\u00edas. Entre las propuestas aprobadas se destacan el\u00a0t\u00e9cnico superior en Animaci\u00f3n Digital, del Instituto Tecnol\u00f3gico de las Am\u00e9ricas\u00a0(ITLA), y el\u00a0t\u00e9cnico superior en Agrimensura, de la Universidad Agroforestal Fernando Arturo de Meri\u00f1o\u00a0(Uafam). Asimismo, fueron autorizados programas acad\u00e9micos en\u00a0Dise\u00f1o de Moda y Dise\u00f1o de Interiores, este \u00faltimo impulsado por el Instituto T\u00e9cnico Superior Mercy Jacquez\u00a0(ITESUMJ).<br \/>\nDurante su intervenci\u00f3n, el ministro Rafael Santos Bad\u00eda resalt\u00f3 la importancia de avanzar hacia la\u00a0construcci\u00f3n de un modelo educativo propio, contextualizado a las\u00a0realidades y necesidades del pa\u00eds, que fortalezca la generaci\u00f3n, el uso y la difusi\u00f3n del conocimiento.<br \/>\n\u201cNosotros necesitamos construir un sistema educativo que ense\u00f1e conocimiento, que ense\u00f1e a la gente a utilizar el conocimiento y que ense\u00f1e a difundirlo\u201d, expres\u00f3.<br \/>\nEn ese sentido, se\u00f1al\u00f3 que el sistema educativo nacional debe\u00a0responder de manera proactiva a las\u00a0transformaciones que se producen en el\u00a0\u00e1mbito internacional, promoviendo una formaci\u00f3n pertinente que garantice la\u00a0preparaci\u00f3n integral del capital humano dominicano.<br \/>\nAsimismo, destac\u00f3 la necesidad de una educaci\u00f3n orientada a\u00a0la empleabilidad, la innovaci\u00f3n y el desarrollo de competencias relevantes, a fin de asegurar que los egresados del sistema de educaci\u00f3n superior cuenten con las capacidades necesarias para su\u00a0inserci\u00f3n efectiva en el mercado laboral actual y futuro.<br \/>\nEl ministro subray\u00f3 que la reforma educativa aprobada tiene como ejes fundamentales el\u00a0fortalecimiento de la investigaci\u00f3n, la ciencia y la tecnolog\u00eda, as\u00ed como la consolidaci\u00f3n de un sistema de educaci\u00f3n superior m\u00e1s articulado, eficiente y orientado al\u00a0desarrollo sostenible de Rep\u00fablica Dominicana.<br \/>\nLa sesi\u00f3n del Conescyt cont\u00f3 con la participaci\u00f3n de sus miembros, presididos por el ministro Santos Bad\u00eda, e integrados por el padre Isaac Garc\u00eda, Wendy Ram\u00edrez, Jos\u00e9 Ram\u00f3n Holgu\u00edn, el reverendo Secilio Espinal, Jos\u00e9 Leandro Aybar, Jos\u00e9 Hazim, Radham\u00e9s Silverio, V\u00e1zquez Espinoza, Yahaira Rosa, Yolanda Salazar, C\u00e9sar Guzm\u00e1n, Minerva Emilia Pereira, Osmar Olivo, Edison Franco, Israel Contreras, Modesto Cruz, Eladio Arnaud, Odalis Guillermo, Radham\u00e9s Mej\u00eda, Ram\u00f3n S\u00e1nchez, Francisco Viloria, Carmen Molina, Paula Disla, Otto Vargas, Genaro Rodr\u00edguez, Carmen Evaristo y Oscar Amarg\u00f3s.<br \/>\nLa aprobaci\u00f3n de la reforma educativa y de la nueva oferta acad\u00e9mica se realiz\u00f3 conforme a los\u00a0principios y mecanismos democr\u00e1ticos establecidos en el seno del Consejo, consolidando un proceso orientado a sentar las bases de una\u00a0transformaci\u00f3n estructural y sostenible del sistema de educaci\u00f3n superior dominicano.\u00a0\u00a0\u00a0<\/p>\n","protected":false},"excerpt":{"rendered":"<p>Consejo Nacional de Educaci\u00f3n Superior, Ciencia y Tecnolog\u00eda aprueba reforma educativa y nuevas ofertas acad\u00e9micas yamellrossi 30 de Abril 2026 | 11:27 Santo Domingo.\u2013 El Consejo Nacional de Educaci\u00f3n Superior, Ciencia y Tecnolog\u00eda\u00a0(Conescyt) aprob\u00f3 por\u00a0consenso y\u00a0unanimidad los trabajos correspondientes a la\u00a0reforma educativa impulsada por el Gobierno dominicano. La aprobaci\u00f3n tuvo lugar durante su\u00a0primera sesi\u00f3n ordinaria [&hellip;]<\/p>\n","protected":false},"author":1,"featured_media":26614,"comment_status":"open","ping_status":"open","sticky":false,"template":"","format":"standard","meta":{"amp_status":"","footnotes":""},"categories":[8],"tags":[],"class_list":["post-26613","post","type-post","status-publish","format-standard","has-post-thumbnail","hentry","category-republica"],"_links":{"self":[{"href":"https:\/\/ermdigital.com\/index.php?rest_route=\/wp\/v2\/posts\/26613","targetHints":{"allow":["GET"]}}],"collection":[{"href":"https:\/\/ermdigital.com\/index.php?rest_route=\/wp\/v2\/posts"}],"about":[{"href":"https:\/\/ermdigital.com\/index.php?rest_route=\/wp\/v2\/types\/post"}],"author":[{"embeddable":true,"href":"https:\/\/ermdigital.com\/index.php?rest_route=\/wp\/v2\/users\/1"}],"replies":[{"embeddable":true,"href":"https:\/\/ermdigital.com\/index.php?rest_route=%2Fwp%2Fv2%2Fcomments&post=26613"}],"version-history":[{"count":0,"href":"https:\/\/ermdigital.com\/index.php?rest_route=\/wp\/v2\/posts\/26613\/revisions"}],"wp:featuredmedia":[{"embeddable":true,"href":"https:\/\/ermdigital.com\/index.php?rest_route=\/wp\/v2\/media\/26614"}],"wp:attachment":[{"href":"https:\/\/ermdigital.com\/index.php?rest_route=%2Fwp%2Fv2%2Fmedia&parent=26613"}],"wp:term":[{"taxonomy":"category","embeddable":true,"href":"https:\/\/ermdigital.com\/index.php?rest_route=%2Fwp%2Fv2%2Fcategories&post=26613"},{"taxonomy":"post_tag","embeddable":true,"href":"https:\/\/ermdigital.com\/index.php?rest_route=%2Fwp%2Fv2%2Ftags&post=26613"}],"curies":[{"name":"wp","href":"https:\/\/api.w.org\/{rel}","templated":true}]}}