{"id":26600,"date":"2026-04-30T11:20:54","date_gmt":"2026-04-30T15:20:54","guid":{"rendered":"https:\/\/ermdigital.com\/?p=26600"},"modified":"2026-04-30T11:20:54","modified_gmt":"2026-04-30T15:20:54","slug":"senador-y-diputado-de-san-juan-rechazan-explotacion-minera-operacion-seria-a-25-metros-del-rio","status":"publish","type":"post","link":"https:\/\/ermdigital.com\/?p=26600","title":{"rendered":"Senador y diputado de San Juan rechazan explotaci\u00f3n minera: operaci\u00f3n ser\u00eda a \u201c25\u201d metros del r\u00edo\u00a0"},"content":{"rendered":"<p>&lt;![CDATA[<\/p>\n<p>Dos legisladores reaccionaron ayer a la intenci\u00f3n que tiene una empresa de realizar un proceso de explotaci\u00f3n minera en la provincia San Juan, demarcaci\u00f3n que representan a trav\u00e9s de la Fuerza del Pueblo (FP) en el Congreso Nacional.<\/p>\n<p><a href=\"https:\/\/listindiario.com\/la-republica\/congreso\/20260430\/senador-diputado-san-juan-rechazan-realizacion-explotacion-minera_903877.html\">wf_cms.rss.read_more<\/a><\/p>\n<p>]]&gt;<\/p>\n<p>\u200bUno de estos es el diputado M\u00e9lido Mercedes, quien manifest\u00f3 estar \u201cde manera radical\u201d en contra de que la empresa GoldQues intente instalar una operaci\u00f3n de extracci\u00f3n minera en los alrededores del r\u00edo en San Juan, ya que podr\u00eda contaminar sus cauces y, en consecuencia, la producci\u00f3n agr\u00edcola.\u00a0\u00a0Congreso\u00a0<\/p>\n","protected":false},"excerpt":{"rendered":"<p>&lt;![CDATA[ Dos legisladores reaccionaron ayer a la intenci\u00f3n que tiene una empresa de realizar un proceso de explotaci\u00f3n minera en la provincia San Juan, demarcaci\u00f3n que representan a trav\u00e9s de la Fuerza del Pueblo (FP) en el Congreso Nacional. wf_cms.rss.read_more ]]&gt; \u200bUno de estos es el diputado M\u00e9lido Mercedes, quien manifest\u00f3 estar \u201cde manera radical\u201d [&hellip;]<\/p>\n","protected":false},"author":1,"featured_media":26601,"comment_status":"open","ping_status":"open","sticky":false,"template":"","format":"standard","meta":{"amp_status":"","footnotes":""},"categories":[5],"tags":[],"class_list":["post-26600","post","type-post","status-publish","format-standard","has-post-thumbnail","hentry","category-politica"],"_links":{"self":[{"href":"https:\/\/ermdigital.com\/index.php?rest_route=\/wp\/v2\/posts\/26600","targetHints":{"allow":["GET"]}}],"collection":[{"href":"https:\/\/ermdigital.com\/index.php?rest_route=\/wp\/v2\/posts"}],"about":[{"href":"https:\/\/ermdigital.com\/index.php?rest_route=\/wp\/v2\/types\/post"}],"author":[{"embeddable":true,"href":"https:\/\/ermdigital.com\/index.php?rest_route=\/wp\/v2\/users\/1"}],"replies":[{"embeddable":true,"href":"https:\/\/ermdigital.com\/index.php?rest_route=%2Fwp%2Fv2%2Fcomments&post=26600"}],"version-history":[{"count":0,"href":"https:\/\/ermdigital.com\/index.php?rest_route=\/wp\/v2\/posts\/26600\/revisions"}],"wp:featuredmedia":[{"embeddable":true,"href":"https:\/\/ermdigital.com\/index.php?rest_route=\/wp\/v2\/media\/26601"}],"wp:attachment":[{"href":"https:\/\/ermdigital.com\/index.php?rest_route=%2Fwp%2Fv2%2Fmedia&parent=26600"}],"wp:term":[{"taxonomy":"category","embeddable":true,"href":"https:\/\/ermdigital.com\/index.php?rest_route=%2Fwp%2Fv2%2Fcategories&post=26600"},{"taxonomy":"post_tag","embeddable":true,"href":"https:\/\/ermdigital.com\/index.php?rest_route=%2Fwp%2Fv2%2Ftags&post=26600"}],"curies":[{"name":"wp","href":"https:\/\/api.w.org\/{rel}","templated":true}]}}