{"id":26598,"date":"2026-04-30T11:35:27","date_gmt":"2026-04-30T15:35:27","guid":{"rendered":"https:\/\/ermdigital.com\/?p=26598"},"modified":"2026-04-30T11:35:27","modified_gmt":"2026-04-30T15:35:27","slug":"medio-ambiente-dice-que-proyecto-minero-en-san-juan-se-encuentra-en-fase-de-evaluacion-tecnica","status":"publish","type":"post","link":"https:\/\/ermdigital.com\/?p=26598","title":{"rendered":"Medio Ambiente dice que proyecto minero en San Juan se encuentra en fase de evaluaci\u00f3n t\u00e9cnica\u00a0"},"content":{"rendered":"<p>&lt;![CDATA[<\/p>\n<p>El ministro de <b>Medio Ambiente y Recursos Naturales,<\/b> Pa\u00edno Henr\u00edquez, aclar\u00f3 que el proyecto minero Romero, de la empresa <b>GoldQuest<\/b>, en la provincia San Juan, no cuenta con autorizaci\u00f3n de explotaci\u00f3n y se encuentra en una fase estrictamente t\u00e9cnica de evaluaci\u00f3n ambiental, en apego a lo establecido en la Ley 64-00.<\/p>\n<p><a href=\"https:\/\/listindiario.com\/la-republica\/20260430\/medio-ambiente-dice-proyecto-romero-encuentra-fase-evaluacion-tecnica-ambiental_903881.html\">wf_cms.rss.read_more<\/a><\/p>\n<p>]]&gt;<\/p>\n<p>\u200bEn relaci\u00f3n con las preocupaciones expresadas por distintos sectores, Henr\u00edquez resalt\u00f3 que este proceso se conduce exclusivamente sobre la base de informaci\u00f3n t\u00e9cnica verificable y criterios cient\u00edficos.\u00a0\u00a0La Rep\u00fablica\u00a0<\/p>\n","protected":false},"excerpt":{"rendered":"<p>&lt;![CDATA[ El ministro de Medio Ambiente y Recursos Naturales, Pa\u00edno Henr\u00edquez, aclar\u00f3 que el proyecto minero Romero, de la empresa GoldQuest, en la provincia San Juan, no cuenta con autorizaci\u00f3n de explotaci\u00f3n y se encuentra en una fase estrictamente t\u00e9cnica de evaluaci\u00f3n ambiental, en apego a lo establecido en la Ley 64-00. wf_cms.rss.read_more ]]&gt; \u200bEn [&hellip;]<\/p>\n","protected":false},"author":1,"featured_media":26599,"comment_status":"open","ping_status":"open","sticky":false,"template":"","format":"standard","meta":{"amp_status":"","footnotes":""},"categories":[5],"tags":[],"class_list":["post-26598","post","type-post","status-publish","format-standard","has-post-thumbnail","hentry","category-politica"],"_links":{"self":[{"href":"https:\/\/ermdigital.com\/index.php?rest_route=\/wp\/v2\/posts\/26598","targetHints":{"allow":["GET"]}}],"collection":[{"href":"https:\/\/ermdigital.com\/index.php?rest_route=\/wp\/v2\/posts"}],"about":[{"href":"https:\/\/ermdigital.com\/index.php?rest_route=\/wp\/v2\/types\/post"}],"author":[{"embeddable":true,"href":"https:\/\/ermdigital.com\/index.php?rest_route=\/wp\/v2\/users\/1"}],"replies":[{"embeddable":true,"href":"https:\/\/ermdigital.com\/index.php?rest_route=%2Fwp%2Fv2%2Fcomments&post=26598"}],"version-history":[{"count":0,"href":"https:\/\/ermdigital.com\/index.php?rest_route=\/wp\/v2\/posts\/26598\/revisions"}],"wp:featuredmedia":[{"embeddable":true,"href":"https:\/\/ermdigital.com\/index.php?rest_route=\/wp\/v2\/media\/26599"}],"wp:attachment":[{"href":"https:\/\/ermdigital.com\/index.php?rest_route=%2Fwp%2Fv2%2Fmedia&parent=26598"}],"wp:term":[{"taxonomy":"category","embeddable":true,"href":"https:\/\/ermdigital.com\/index.php?rest_route=%2Fwp%2Fv2%2Fcategories&post=26598"},{"taxonomy":"post_tag","embeddable":true,"href":"https:\/\/ermdigital.com\/index.php?rest_route=%2Fwp%2Fv2%2Ftags&post=26598"}],"curies":[{"name":"wp","href":"https:\/\/api.w.org\/{rel}","templated":true}]}}