{"id":26575,"date":"2026-04-30T11:18:58","date_gmt":"2026-04-30T15:18:58","guid":{"rendered":"https:\/\/ermdigital.com\/?p=26575"},"modified":"2026-04-30T11:18:58","modified_gmt":"2026-04-30T15:18:58","slug":"ministro-de-energia-y-minas-llama-a-respetar-estudios-cientificos-ante-conflicto-por-mineria-en-san-juan-2","status":"publish","type":"post","link":"https:\/\/ermdigital.com\/?p=26575","title":{"rendered":"Ministro de Energ\u00eda y Minas llama a respetar estudios cient\u00edficos ante conflicto por miner\u00eda en San Juan"},"content":{"rendered":"<p><strong><em>Santo Domingo.- <\/em><\/strong>El ministro de Energ\u00eda y <a href=\"https:\/\/r.search.yahoo.com\/_ylt=AwrFdoy6cfNpOAIAV3FU04lQ;_ylu=Y29sbwNiZjEEcG9zAzEEdnRpZAMEc2VjA3Ny\/RV=2\/RE=1778771643\/RO=10\/RU=https%3A%2F%2Fmem.gob.do%2F\/RK=2\/RS=8mlP0WDQlscHMai7_9uKuMC1OI0-\" target=\"_blank\" rel=\"noopener\">Minas<\/a>, Joel Santos, afirm\u00f3 que cualquier decisi\u00f3n sobre el proyecto minero en la provincia San Juan de la Maguana debe basarse exclusivamente en criterios cient\u00edficos y en el cumplimiento estricto de los procedimientos establecidos por la ley.<\/p>\n<p><strong><em>\u201cEl pa\u00eds no puede adelantarse a los acontecimientos. Lo que corresponde ahora es completar el debido proceso, que implica realizar los estudios medioambientales que determinen su viabilidad o no\u201d, <\/em><\/strong>expres\u00f3 el funcionario.<\/p>\n<h3 class=\"wp-block-heading\"><strong>Leer m\u00e1s: <a href=\"https:\/\/deultimominuto.net\/economia\/energia-y-minas-alcanza-100\/\" data-type=\"post\" data-id=\"581782\">Energ\u00eda y Minas alcanza 100% en transparencia gubernamental<\/a><\/strong><\/h3>\n<p>Santos insisti\u00f3 en que la miner\u00eda no debe evaluarse sobre percepciones, sino sobre evidencia cient\u00edfica.<\/p>\n<p>\u201cNo se pueden tomar decisiones m\u00e1s all\u00e1 de la ciencia. Estas cosas no son al ojo por ciento, es de manera cient\u00edfica que se deben realizar\u201d.<\/p>\n<p>El debate sobre la explotaci\u00f3n minera en San Juan se ha intensificado en los \u00faltimos d\u00edas, con protestas masivas y un paro general que paraliz\u00f3 gran parte de la provincia en rechazo al proyecto. Comercios, escuelas y el transporte suspendieron sus actividades, reflejando un amplio respaldo ciudadano a la oposici\u00f3n minera.<\/p>\n<p>Asimismo, entidades como la Academia de Ciencias han manifestado su rechazo, alegando preocupaciones sobre posibles da\u00f1os ambientales y cuestionando el historial de la miner\u00eda en el pa\u00eds.<\/p>\n<p>El ministro Santos reconoci\u00f3 que la miner\u00eda puede representar beneficios econ\u00f3micos importantes tanto para el pa\u00eds como para las comunidades cercanas, pero insisti\u00f3 en que estos deben ir acompa\u00f1ados de garant\u00edas ambientales.<\/p>\n<p>En ese sentido, revel\u00f3 que el Gobierno trabaja en un proyecto de ley orientado a fortalecer los beneficios que reciben las comunidades impactadas por la actividad minera, as\u00ed como a robustecer los controles medioambientales.<\/p>\n<p>\u201cEs un balance. Lo primero es verificar, a trav\u00e9s de los estudios, si es viable o no desde el punto de vista ambiental. Eso es poner la defensa de los recursos naturales primero, pero hacerlo de manera cient\u00edfica\u201d, puntualiz\u00f3.<\/p>\n<p>Finalmente, reiter\u00f3 que el proceso a\u00fan se encuentra en fase de evaluaci\u00f3n y que ser\u00e1 el resultado de los estudios t\u00e9cnicos, realizados por firmas internacionales y validados por las autoridades ambientales, lo que determinar\u00e1 el futuro del proyecto en San Juan.<\/p>\n<p>Sus declaraciones se producen en medio de un creciente rechazo social al proyecto minero impulsado por la empresa GoldQuest Mining, particularmente en torno al denominado Proyecto Romero, ubicado en la Cordillera Central.<\/p>\n<p>\u200bSanto Domingo.- El ministro de Energ\u00eda y Minas, Joel Santos, afirm\u00f3 que cualquier decisi\u00f3n sobre el proyecto minero en la provincia San Juan de la Maguana debe basarse exclusivamente en criterios cient\u00edficos y en el cumplimiento estricto de los procedimientos establecidos por la ley. \u201cEl pa\u00eds no puede adelantarse a los acontecimientos. Lo que corresponde\u00a0\u00a0Nacionales, Deultimominuto, ElPeri\u00f3dicodelaVerdad, Energ\u00eda y Minas, estudios, Miner\u00eda, Rep\u00fablica Dominicana, San Juan\u00a0\u00a0<\/p>\n","protected":false},"excerpt":{"rendered":"<p>Santo Domingo.- El ministro de Energ\u00eda y Minas, Joel Santos, afirm\u00f3 que cualquier decisi\u00f3n sobre el proyecto minero en la provincia San Juan de la Maguana debe basarse exclusivamente en criterios cient\u00edficos y en el cumplimiento estricto de los procedimientos establecidos por la ley. \u201cEl pa\u00eds no puede adelantarse a los acontecimientos. Lo que corresponde [&hellip;]<\/p>\n","protected":false},"author":1,"featured_media":26577,"comment_status":"open","ping_status":"open","sticky":false,"template":"","format":"standard","meta":{"amp_status":"","footnotes":""},"categories":[3],"tags":[],"class_list":["post-26575","post","type-post","status-publish","format-standard","has-post-thumbnail","hentry","category-de-ultimo-minuto"],"_links":{"self":[{"href":"https:\/\/ermdigital.com\/index.php?rest_route=\/wp\/v2\/posts\/26575","targetHints":{"allow":["GET"]}}],"collection":[{"href":"https:\/\/ermdigital.com\/index.php?rest_route=\/wp\/v2\/posts"}],"about":[{"href":"https:\/\/ermdigital.com\/index.php?rest_route=\/wp\/v2\/types\/post"}],"author":[{"embeddable":true,"href":"https:\/\/ermdigital.com\/index.php?rest_route=\/wp\/v2\/users\/1"}],"replies":[{"embeddable":true,"href":"https:\/\/ermdigital.com\/index.php?rest_route=%2Fwp%2Fv2%2Fcomments&post=26575"}],"version-history":[{"count":0,"href":"https:\/\/ermdigital.com\/index.php?rest_route=\/wp\/v2\/posts\/26575\/revisions"}],"wp:featuredmedia":[{"embeddable":true,"href":"https:\/\/ermdigital.com\/index.php?rest_route=\/wp\/v2\/media\/26577"}],"wp:attachment":[{"href":"https:\/\/ermdigital.com\/index.php?rest_route=%2Fwp%2Fv2%2Fmedia&parent=26575"}],"wp:term":[{"taxonomy":"category","embeddable":true,"href":"https:\/\/ermdigital.com\/index.php?rest_route=%2Fwp%2Fv2%2Fcategories&post=26575"},{"taxonomy":"post_tag","embeddable":true,"href":"https:\/\/ermdigital.com\/index.php?rest_route=%2Fwp%2Fv2%2Ftags&post=26575"}],"curies":[{"name":"wp","href":"https:\/\/api.w.org\/{rel}","templated":true}]}}