{"id":26553,"date":"2026-04-30T10:27:02","date_gmt":"2026-04-30T14:27:02","guid":{"rendered":"https:\/\/ermdigital.com\/?p=26553"},"modified":"2026-04-30T10:27:02","modified_gmt":"2026-04-30T14:27:02","slug":"se-desploma-vivienda-tras-deslizamiento-de-tierra-en-arroyo-hondo-santiago-2","status":"publish","type":"post","link":"https:\/\/ermdigital.com\/?p=26553","title":{"rendered":"Se desploma vivienda tras deslizamiento de tierra en Arroyo Hondo, Santiago\u00a0"},"content":{"rendered":"<p>&lt;![CDATA[<\/p>\n<p>Una vivienda colaps\u00f3 y varias resultaron afectadas tras registrarse <b>deslizamientos de tierra en la comunidad de Arroyo Hondo<\/b>, en la zona sur de Santiago, como consecuencia de las intensas lluvias ca\u00eddas en las \u00faltimas horas.<\/p>\n<p><a href=\"https:\/\/listindiario.com\/la-republica\/20260430\/desploma-vivienda-deslizamiento-tierra-arroyo-hondo-santiago_903879.html\">wf_cms.rss.read_more<\/a><\/p>\n<p>]]&gt;<\/p>\n<p>\u200bLos equipos de emergencia realizan labores de remoci\u00f3n de escombros y evaluaci\u00f3n de da\u00f1os, mientras se mantiene la vigilancia ante la posibilidad de nuevos deslizamientos debido a las condiciones del terreno.\u00a0\u00a0La Rep\u00fablica\u00a0<\/p>\n","protected":false},"excerpt":{"rendered":"<p>&lt;![CDATA[ Una vivienda colaps\u00f3 y varias resultaron afectadas tras registrarse deslizamientos de tierra en la comunidad de Arroyo Hondo, en la zona sur de Santiago, como consecuencia de las intensas lluvias ca\u00eddas en las \u00faltimas horas. wf_cms.rss.read_more ]]&gt; \u200bLos equipos de emergencia realizan labores de remoci\u00f3n de escombros y evaluaci\u00f3n de da\u00f1os, mientras se mantiene [&hellip;]<\/p>\n","protected":false},"author":1,"featured_media":26552,"comment_status":"open","ping_status":"open","sticky":false,"template":"","format":"standard","meta":{"amp_status":"","footnotes":""},"categories":[5],"tags":[],"class_list":["post-26553","post","type-post","status-publish","format-standard","has-post-thumbnail","hentry","category-politica"],"_links":{"self":[{"href":"https:\/\/ermdigital.com\/index.php?rest_route=\/wp\/v2\/posts\/26553","targetHints":{"allow":["GET"]}}],"collection":[{"href":"https:\/\/ermdigital.com\/index.php?rest_route=\/wp\/v2\/posts"}],"about":[{"href":"https:\/\/ermdigital.com\/index.php?rest_route=\/wp\/v2\/types\/post"}],"author":[{"embeddable":true,"href":"https:\/\/ermdigital.com\/index.php?rest_route=\/wp\/v2\/users\/1"}],"replies":[{"embeddable":true,"href":"https:\/\/ermdigital.com\/index.php?rest_route=%2Fwp%2Fv2%2Fcomments&post=26553"}],"version-history":[{"count":0,"href":"https:\/\/ermdigital.com\/index.php?rest_route=\/wp\/v2\/posts\/26553\/revisions"}],"wp:featuredmedia":[{"embeddable":true,"href":"https:\/\/ermdigital.com\/index.php?rest_route=\/wp\/v2\/media\/26552"}],"wp:attachment":[{"href":"https:\/\/ermdigital.com\/index.php?rest_route=%2Fwp%2Fv2%2Fmedia&parent=26553"}],"wp:term":[{"taxonomy":"category","embeddable":true,"href":"https:\/\/ermdigital.com\/index.php?rest_route=%2Fwp%2Fv2%2Fcategories&post=26553"},{"taxonomy":"post_tag","embeddable":true,"href":"https:\/\/ermdigital.com\/index.php?rest_route=%2Fwp%2Fv2%2Ftags&post=26553"}],"curies":[{"name":"wp","href":"https:\/\/api.w.org\/{rel}","templated":true}]}}