{"id":26547,"date":"2026-04-30T09:37:38","date_gmt":"2026-04-30T13:37:38","guid":{"rendered":"https:\/\/ermdigital.com\/?p=26547"},"modified":"2026-04-30T09:37:38","modified_gmt":"2026-04-30T13:37:38","slug":"interior-y-policia-impulsa-cooperacion-internacional-en-politicas-de-drogas-durante-reunion-de-copolad-iii","status":"publish","type":"post","link":"https:\/\/ermdigital.com\/?p=26547","title":{"rendered":"Interior y Polic\u00eda impulsa cooperaci\u00f3n internacional en pol\u00edticas de drogas durante reuni\u00f3n de COPOLAD III"},"content":{"rendered":"<p><strong>Punta Cana, RD. \u2013<\/strong> El <strong><a href=\"https:\/\/mip.gob.do\/\" data-type=\"link\" data-id=\"https:\/\/mip.gob.do\/\" target=\"_blank\" rel=\"noopener\">Ministerio de Interior y Polic\u00eda<\/a><\/strong> destac\u00f3 los avances alcanzados en materia de <strong>cooperaci\u00f3n internacional <\/strong>durante la<strong> IV Reuni\u00f3n Anual del Programa de Cooperaci\u00f3n entre Am\u00e9rica Latina, el Caribe y la Uni\u00f3n Europea<\/strong> en pol\u00edticas de drogas <strong>(COPOLAD III)<\/strong>, celebrada en Punta Cana con la participaci\u00f3n de delegaciones de m\u00e1s de 40 pa\u00edses.<\/p>\n<p>El encuentro, que reuni\u00f3 a autoridades y <strong>especialistas de los \u00e1mbitos de seguridad, salud y justicia<\/strong>, permiti\u00f3 fortalecer la coordinaci\u00f3n frente a desaf\u00edos comunes como la expansi\u00f3n de sustancias sint\u00e9ticas, el aumento del consumo problem\u00e1tico y el impacto del narcotr\u00e1fico en la seguridad ciudadana.<\/p>\n<div class=\"wp-block-image\">\n<figure class=\"alignleft size-large is-resized\"><img loading=\"lazy\" decoding=\"async\" width=\"1024\" height=\"683\" src=\"https:\/\/cdn.deultimominuto.net\/wp-content\/uploads\/2026\/04\/WhatsApp-Image-2026-04-30-at-9.24.48-AM-1-1024x683.jpeg\" alt=\"Interior y Polic\u00eda impulsa cooperaci\u00f3n internacional en pol\u00edticas de drogas durante reuni\u00f3n de COPOLAD III - Noticias de hoy en Rep\u00fablica Dominicana | De \u00daltimo Minuto\" class=\"wp-image-648371\" title=\"Interior y Polic\u00eda impulsa cooperaci\u00f3n internacional en pol\u00edticas de drogas durante reuni\u00f3n de COPOLAD III | 1 |\"><\/figure>\n<\/div>\n<p>La<strong> ministra de Interior y Polic\u00eda, Faride Raful<\/strong>, resalt\u00f3 que este di\u00e1logo que confirma que: La respuesta al fen\u00f3meno de las drogas requiere una alianza real, estrat\u00e9gica y sostenida entre el sector p\u00fablico y el sector privado. Por este motivo, destac\u00f3 la importancia de enfrentar los desaf\u00edos del crimen organizado promoviendo un enfoque integral que combina prevenci\u00f3n, control y cooperaci\u00f3n internacional. Asimismo, enfatiz\u00f3 la importancia de la corresponsabilidad entre el sector p\u00fablico y privado para limitar el accionar de las econom\u00edas il\u00edcitas.<\/p>\n<h2 class=\"wp-block-heading\">Durante la reuni\u00f3n <strong>se abordaron temas clave como el fortalecimiento de los sistemas de informaci\u00f3n y alerta temprana<\/strong>, la prevenci\u00f3n basada en evidencia y la lucha contra el crimen organizado, con el objetivo de consolidar pol\u00edticas p\u00fablicas m\u00e1s efectivas, humanas y sostenibles.<\/h2>\n<p><strong>Te puede interesar: <a href=\"https:\/\/deultimominuto.net\/nacionales\/interior-elimina-10191\/\" data-type=\"link\" data-id=\"https:\/\/deultimominuto.net\/nacionales\/interior-elimina-10191\/\">Interior y Polic\u00eda elimina 10,191 fuegos artificiales incautados por distribuci\u00f3n y venta ilegal<\/a><\/strong><\/p>\n<p>La ministra subray\u00f3 que los resultados de este encuentro servir\u00e1n de base para la pr\u00f3xima Reuni\u00f3n de Alto Nivel del Mecanismo de Coordinaci\u00f3n y Cooperaci\u00f3n en materia de Drogas entre la Uni\u00f3n Europea y CELAC, reafirmando el liderazgo de la Rep\u00fablica Dominicana en la promoci\u00f3n de la seguridad regional.<\/p>\n<p>Con la celebraci\u00f3n de este importante foro internacional, el pa\u00eds consolida su rol como socio estrat\u00e9gico en la articulaci\u00f3n de respuestas conjuntas frente al problema mundial de las drogas, apostando por el fortalecimiento institucional y la cooperaci\u00f3n como pilares fundamentales.<\/p>\n<p>\u200bPunta Cana, RD. \u2013 El Ministerio de Interior y Polic\u00eda destac\u00f3 los avances alcanzados en materia de cooperaci\u00f3n internacional durante la IV Reuni\u00f3n Anual del Programa de Cooperaci\u00f3n entre Am\u00e9rica Latina, el Caribe y la Uni\u00f3n Europea en pol\u00edticas de drogas (COPOLAD III), celebrada en Punta Cana con la participaci\u00f3n de delegaciones de m\u00e1s de\u00a0\u00a0Nacionales, cooperaci\u00f3n, drogas, Faride Raful, ministerio de Interior y Polic\u00eda (MIP)\u00a0\u00a0<\/p>\n","protected":false},"excerpt":{"rendered":"<p>Punta Cana, RD. \u2013 El Ministerio de Interior y Polic\u00eda destac\u00f3 los avances alcanzados en materia de cooperaci\u00f3n internacional durante la IV Reuni\u00f3n Anual del Programa de Cooperaci\u00f3n entre Am\u00e9rica Latina, el Caribe y la Uni\u00f3n Europea en pol\u00edticas de drogas (COPOLAD III), celebrada en Punta Cana con la participaci\u00f3n de delegaciones de m\u00e1s de [&hellip;]<\/p>\n","protected":false},"author":1,"featured_media":26548,"comment_status":"open","ping_status":"open","sticky":false,"template":"","format":"standard","meta":{"amp_status":"","footnotes":""},"categories":[3],"tags":[],"class_list":["post-26547","post","type-post","status-publish","format-standard","has-post-thumbnail","hentry","category-de-ultimo-minuto"],"_links":{"self":[{"href":"https:\/\/ermdigital.com\/index.php?rest_route=\/wp\/v2\/posts\/26547","targetHints":{"allow":["GET"]}}],"collection":[{"href":"https:\/\/ermdigital.com\/index.php?rest_route=\/wp\/v2\/posts"}],"about":[{"href":"https:\/\/ermdigital.com\/index.php?rest_route=\/wp\/v2\/types\/post"}],"author":[{"embeddable":true,"href":"https:\/\/ermdigital.com\/index.php?rest_route=\/wp\/v2\/users\/1"}],"replies":[{"embeddable":true,"href":"https:\/\/ermdigital.com\/index.php?rest_route=%2Fwp%2Fv2%2Fcomments&post=26547"}],"version-history":[{"count":0,"href":"https:\/\/ermdigital.com\/index.php?rest_route=\/wp\/v2\/posts\/26547\/revisions"}],"wp:featuredmedia":[{"embeddable":true,"href":"https:\/\/ermdigital.com\/index.php?rest_route=\/wp\/v2\/media\/26548"}],"wp:attachment":[{"href":"https:\/\/ermdigital.com\/index.php?rest_route=%2Fwp%2Fv2%2Fmedia&parent=26547"}],"wp:term":[{"taxonomy":"category","embeddable":true,"href":"https:\/\/ermdigital.com\/index.php?rest_route=%2Fwp%2Fv2%2Fcategories&post=26547"},{"taxonomy":"post_tag","embeddable":true,"href":"https:\/\/ermdigital.com\/index.php?rest_route=%2Fwp%2Fv2%2Ftags&post=26547"}],"curies":[{"name":"wp","href":"https:\/\/api.w.org\/{rel}","templated":true}]}}