{"id":26545,"date":"2026-04-30T09:42:07","date_gmt":"2026-04-30T13:42:07","guid":{"rendered":"https:\/\/ermdigital.com\/?p=26545"},"modified":"2026-04-30T09:42:07","modified_gmt":"2026-04-30T13:42:07","slug":"otro-crimen-sacude-a-santiago-caso-de-eddy-villanueva-sigue-en-los-tribunales-seis-meses-despues","status":"publish","type":"post","link":"https:\/\/ermdigital.com\/?p=26545","title":{"rendered":"Otro crimen sacude a Santiago: caso de Eddy Villanueva sigue en los tribunales seis meses despu\u00e9s"},"content":{"rendered":"<p><strong>Santiago.\u2013<\/strong> A casi seis meses del <a href=\"https:\/\/deultimominuto.net\/tag\/politica-de-asesinato\/\" data-type=\"post_tag\" data-id=\"27028\">asesinato <\/a>de <strong><em>Eddy Villanueva<\/em><\/strong>, un joven de 31 a\u00f1os ultimado durante una ri\u00f1a en el sector Ensanche Espaillat, el caso contin\u00faa bajo proceso judicial mientras sus familiares insisten en el reclamo de justicia y sanciones ejemplares contra los responsables.<\/p>\n<p>El hecho ocurri\u00f3 el pasado 10 de noviembre de 2025, cuando Villanueva fue atacado presuntamente por un grupo de ocho hombres tras una discusi\u00f3n originada por un roce entre un autom\u00f3vil y una motocicleta. La agresi\u00f3n, que incluy\u00f3 armas blancas y objetos contundentes, se produjo frente a su esposa y sus tres hijos menores de edad.<\/p>\n<h3 class=\"wp-block-heading\"><strong>Leer m\u00e1s: <a href=\"https:\/\/deultimominuto.net\/nacionales\/se-entrega-segundo-implicado-en-la-muerte-de-ciudadano-puertorriqueno-en-santiago\/\" data-type=\"post\" data-id=\"643754\">Se entrega segundo implicado en la muerte de ciudadano puertorrique\u00f1o en Santiago<\/a><\/strong><\/h3>\n<p>De acuerdo con los reportes, la v\u00edctima falleci\u00f3 en el lugar a consecuencia de las heridas, pese a los intentos desesperados de su pareja por intervenir.<\/p>\n<p>Carina Fern\u00e1ndez, viuda del fallecido, reiter\u00f3 que su esposo no ten\u00eda v\u00ednculos con actividades delictivas y lo describi\u00f3 como un hombre trabajador y dedicado a su familia. \u201cNo mataron a un delincuente, mataron a un hombre inocente\u201d, expres\u00f3, al tiempo que denunci\u00f3 que uno de sus hijos, de siete a\u00f1os, presenta traumas psicol\u00f3gicos tras presenciar el hecho.<\/p>\n<p>Familiares aseguran que Villanueva era el principal sost\u00e9n econ\u00f3mico del hogar. Su hermana, Mar\u00eda Carela, lo calific\u00f3 como \u201cun joven ejemplar\u201d y conden\u00f3 la brutalidad del ataque. \u201cFue sin piedad, delante de toda su familia\u201d, lament\u00f3.<\/p>\n<p>El abogado de la familia, Wilsndy Sarita, inform\u00f3 que el proceso judicial sigue en curso y explic\u00f3 que el pr\u00f3ximo 13 de mayo est\u00e1 pautada una audiencia de apelaci\u00f3n, en la que se revisar\u00e1n las medidas de coerci\u00f3n contra algunos de los implicados. El jurista insisti\u00f3 en la necesidad de que se impongan sanciones proporcionales a la gravedad del hecho.<\/p>\n<p>Otros parientes, como Fiordaliza Villanueva y Virgilio Camilo, reiteraron su exigencia de que el caso no quede impune y que se aplique todo el peso de la ley contra los responsables.<\/p>\n<p>El hecho ha generado preocupaci\u00f3n entre residentes del Ensanche Espaillat, quienes contin\u00faan reclamando mayor seguridad y acciones m\u00e1s firmes de las autoridades para evitar que conflictos menores escalen hasta convertirse en tragedias violentas.<\/p>\n<p>\u200bSantiago.\u2013 A casi seis meses del asesinato de Eddy Villanueva, un joven de 31 a\u00f1os ultimado durante una ri\u00f1a en el sector Ensanche Espaillat, el caso contin\u00faa bajo proceso judicial mientras sus familiares insisten en el reclamo de justicia y sanciones ejemplares contra los responsables. El hecho ocurri\u00f3 el pasado 10 de noviembre de 2025,\u00a0\u00a0Justicia, crimen, Deultimominuto, Eddy Villanueva, ElPeri\u00f3dicodelaVerdad, Rep\u00fablica Dominicana, Santiago, tribunales\u00a0\u00a0<\/p>\n","protected":false},"excerpt":{"rendered":"<p>Santiago.\u2013 A casi seis meses del asesinato de Eddy Villanueva, un joven de 31 a\u00f1os ultimado durante una ri\u00f1a en el sector Ensanche Espaillat, el caso contin\u00faa bajo proceso judicial mientras sus familiares insisten en el reclamo de justicia y sanciones ejemplares contra los responsables. El hecho ocurri\u00f3 el pasado 10 de noviembre de 2025, [&hellip;]<\/p>\n","protected":false},"author":1,"featured_media":26546,"comment_status":"open","ping_status":"open","sticky":false,"template":"","format":"standard","meta":{"amp_status":"","footnotes":""},"categories":[3],"tags":[],"class_list":["post-26545","post","type-post","status-publish","format-standard","has-post-thumbnail","hentry","category-de-ultimo-minuto"],"_links":{"self":[{"href":"https:\/\/ermdigital.com\/index.php?rest_route=\/wp\/v2\/posts\/26545","targetHints":{"allow":["GET"]}}],"collection":[{"href":"https:\/\/ermdigital.com\/index.php?rest_route=\/wp\/v2\/posts"}],"about":[{"href":"https:\/\/ermdigital.com\/index.php?rest_route=\/wp\/v2\/types\/post"}],"author":[{"embeddable":true,"href":"https:\/\/ermdigital.com\/index.php?rest_route=\/wp\/v2\/users\/1"}],"replies":[{"embeddable":true,"href":"https:\/\/ermdigital.com\/index.php?rest_route=%2Fwp%2Fv2%2Fcomments&post=26545"}],"version-history":[{"count":0,"href":"https:\/\/ermdigital.com\/index.php?rest_route=\/wp\/v2\/posts\/26545\/revisions"}],"wp:featuredmedia":[{"embeddable":true,"href":"https:\/\/ermdigital.com\/index.php?rest_route=\/wp\/v2\/media\/26546"}],"wp:attachment":[{"href":"https:\/\/ermdigital.com\/index.php?rest_route=%2Fwp%2Fv2%2Fmedia&parent=26545"}],"wp:term":[{"taxonomy":"category","embeddable":true,"href":"https:\/\/ermdigital.com\/index.php?rest_route=%2Fwp%2Fv2%2Fcategories&post=26545"},{"taxonomy":"post_tag","embeddable":true,"href":"https:\/\/ermdigital.com\/index.php?rest_route=%2Fwp%2Fv2%2Ftags&post=26545"}],"curies":[{"name":"wp","href":"https:\/\/api.w.org\/{rel}","templated":true}]}}