{"id":26537,"date":"2026-04-30T09:59:29","date_gmt":"2026-04-30T13:59:29","guid":{"rendered":"https:\/\/ermdigital.com\/?p=26537"},"modified":"2026-04-30T09:59:29","modified_gmt":"2026-04-30T13:59:29","slug":"pct-analiza-situacion-internacional-y-su-impacto-en-america-latina-y-el-caribe","status":"publish","type":"post","link":"https:\/\/ermdigital.com\/?p=26537","title":{"rendered":"PCT analiza situaci\u00f3n internacional y su impacto en Am\u00e9rica Latina y el Caribe"},"content":{"rendered":"<p><strong>Santo Domingo. \u2013 <\/strong>La Comisi\u00f3n de Asuntos y Relaciones Internacionales del<strong> Partido Comunista del Trabajo (PCT)<\/strong> realiz\u00f3 un conversatorio-panel titulado<strong> \u201cSituaci\u00f3n internacional y el contexto de Am\u00e9rica Latina y el Caribe\u201d<\/strong>,\u00a0para analizar los conflictos geopol\u00edticos y el impacto que est\u00e1n teniendo en la regi\u00f3n.<\/p>\n<p>La actividad cont\u00f3 con la participaci\u00f3n del <strong>Dr. \u00c1ngel Veras, profesor universitario y experto en Derecho Internacional<\/strong>, y de <strong>Elvin Calca\u00f1o<\/strong>, polit\u00f3logo, analista, consultor electoral, docente e investigador latinoamericanista, quienes abordaron los principales conflictos geopol\u00edticos del momento, sus repercusiones sobre los pueblos de Am\u00e9rica Latina y el Caribe, as\u00ed como los desaf\u00edos que enfrenta la Rep\u00fablica Dominicana ante el actual escenario internacional.<\/p>\n<p>El PCT manifest\u00f3 que<strong> este espacio forma parte de su esfuerzo por promover el debate pol\u00edtico<\/strong>, la formaci\u00f3n cr\u00edtica y el an\u00e1lisis de la realidad mundial desde una perspectiva antiimperialista y latinoamericanista, as\u00ed lo manifest\u00f3 Aquiles Castro, Secretario General del PCT.<\/p>\n<p>El doctor \u00c1ngel Veras Aybar, en su exposici\u00f3n, advirti\u00f3 que el mundo atraviesa un proceso de reacomodo marcado por guerras, bloqueos, sanciones y nuevas formas de intervenci\u00f3n imperialista contra pueblos soberanos como Venezuela, Ir\u00e1n y Cuba.<\/p>\n<p><strong>Te puede interesar:<\/strong><a href=\"https:\/\/deultimominuto.net\/nacionales\/gobierno-crisis-economica\/\" data-type=\"link\" data-id=\"https:\/\/deultimominuto.net\/nacionales\/gobierno-crisis-economica\/\"><strong> <\/strong>Gobierno y CONEP refuerzan di\u00e1logo para garantizar estabilidad econ\u00f3mica frente a crisis global<\/a><\/p>\n<p>Asimismo, reafirm\u00f3 la defensa del PCT al principio de no intervenci\u00f3n, la autodeterminaci\u00f3n de los pueblos y la paz mundial, llamando a fortalecer la solidaridad internacionalista frente al avance del neofascismo y las agresiones de Estados Unidos y sus aliados.<\/p>\n<p>Recientemente, el Partido Comunista del Trabajo hab\u00eda advertido que la crisis en el Golfo P\u00e9rsico y la agresi\u00f3n contra Ir\u00e1n representaba una amenaza para la paz mundial y para la estabilidad econ\u00f3mica de los pa\u00edses pobres y dependientes, como la Rep\u00fablica Dominicana.<\/p>\n<p>Seg\u00fan el PCT, una escalada b\u00e9lica en esa zona provocar\u00eda <strong>aumentos significativos en los combustibles<\/strong>, mayor inflaci\u00f3n y un deterioro de las condiciones de vida de la clase trabajadora, que terminar\u00eda pagando las consecuencias de una guerra ajena.<\/p>\n<p>\u200bSanto Domingo. \u2013 La Comisi\u00f3n de Asuntos y Relaciones Internacionales del Partido Comunista del Trabajo (PCT) realiz\u00f3 un conversatorio-panel titulado \u201cSituaci\u00f3n internacional y el contexto de Am\u00e9rica Latina y el Caribe\u201d,\u00a0para analizar los conflictos geopol\u00edticos y el impacto que est\u00e1n teniendo en la regi\u00f3n. La actividad cont\u00f3 con la participaci\u00f3n del Dr. \u00c1ngel Veras, profesor\u00a0\u00a0Nacionales, Am\u00e9rica Latina, Crisis, Partido Comunista del Trabajo\u00a0\u00a0<\/p>\n","protected":false},"excerpt":{"rendered":"<p>Santo Domingo. \u2013 La Comisi\u00f3n de Asuntos y Relaciones Internacionales del Partido Comunista del Trabajo (PCT) realiz\u00f3 un conversatorio-panel titulado \u201cSituaci\u00f3n internacional y el contexto de Am\u00e9rica Latina y el Caribe\u201d,\u00a0para analizar los conflictos geopol\u00edticos y el impacto que est\u00e1n teniendo en la regi\u00f3n. La actividad cont\u00f3 con la participaci\u00f3n del Dr. \u00c1ngel Veras, profesor [&hellip;]<\/p>\n","protected":false},"author":1,"featured_media":26538,"comment_status":"open","ping_status":"open","sticky":false,"template":"","format":"standard","meta":{"amp_status":"","footnotes":""},"categories":[3],"tags":[],"class_list":["post-26537","post","type-post","status-publish","format-standard","has-post-thumbnail","hentry","category-de-ultimo-minuto"],"_links":{"self":[{"href":"https:\/\/ermdigital.com\/index.php?rest_route=\/wp\/v2\/posts\/26537","targetHints":{"allow":["GET"]}}],"collection":[{"href":"https:\/\/ermdigital.com\/index.php?rest_route=\/wp\/v2\/posts"}],"about":[{"href":"https:\/\/ermdigital.com\/index.php?rest_route=\/wp\/v2\/types\/post"}],"author":[{"embeddable":true,"href":"https:\/\/ermdigital.com\/index.php?rest_route=\/wp\/v2\/users\/1"}],"replies":[{"embeddable":true,"href":"https:\/\/ermdigital.com\/index.php?rest_route=%2Fwp%2Fv2%2Fcomments&post=26537"}],"version-history":[{"count":0,"href":"https:\/\/ermdigital.com\/index.php?rest_route=\/wp\/v2\/posts\/26537\/revisions"}],"wp:featuredmedia":[{"embeddable":true,"href":"https:\/\/ermdigital.com\/index.php?rest_route=\/wp\/v2\/media\/26538"}],"wp:attachment":[{"href":"https:\/\/ermdigital.com\/index.php?rest_route=%2Fwp%2Fv2%2Fmedia&parent=26537"}],"wp:term":[{"taxonomy":"category","embeddable":true,"href":"https:\/\/ermdigital.com\/index.php?rest_route=%2Fwp%2Fv2%2Fcategories&post=26537"},{"taxonomy":"post_tag","embeddable":true,"href":"https:\/\/ermdigital.com\/index.php?rest_route=%2Fwp%2Fv2%2Ftags&post=26537"}],"curies":[{"name":"wp","href":"https:\/\/api.w.org\/{rel}","templated":true}]}}