{"id":26527,"date":"2026-04-30T10:21:52","date_gmt":"2026-04-30T14:21:52","guid":{"rendered":"https:\/\/ermdigital.com\/?p=26527"},"modified":"2026-04-30T10:21:52","modified_gmt":"2026-04-30T14:21:52","slug":"lnb-andersson-garcia-prioriza-a-los-marineros-de-puerto-plata","status":"publish","type":"post","link":"https:\/\/ermdigital.com\/?p=26527","title":{"rendered":"LNB: Andersson Garc\u00eda prioriza a los Marineros de Puerto Plata"},"content":{"rendered":"<p>\u00a0\u00a0<\/p>\n<p>En un movimiento que reafirma su compromiso con el baloncesto nacional y su lealtad a la \"Novia del Atl\u00e1ntico\", el estelar alero dominicano <strong>Andersson Garc\u00eda<\/strong>, conocido como \"La Mamba\", ha decidido <strong>declinar ofertas<\/strong> fuera del pa\u00eds y oficialmente unirse a los <strong>Marineros de Puerto Plata<\/strong> para la temporada 2026 de la Liga Nacional de Baloncesto (<strong>LNB<\/strong>).<\/p>\n<p>Tras su reciente paso por la <strong>NBA<\/strong> con los <strong>Utah Jazz<\/strong> y una destacada participaci\u00f3n con los <strong>Capitanes de la Ciudad de M\u00e9xico<\/strong> en la G-League, Garc\u00eda se convirti\u00f3 en uno de los agentes libres m\u00e1s codiciados del mercado internacional. <\/p>\n<p>Fuentes cercanas al jugador confirmaron que el nativo de Moca recibi\u00f3 <strong>propuestas formales<\/strong> de importantes ligas en <strong>Europa<\/strong> y <strong>Venezuela<\/strong>.<\/p>\n<p>\"Mi meta es clara: quiero darle a <strong>Puerto Plata<\/strong> el campeonato que se merece. Aunque las ofertas internacionales eran tentadoras, mi coraz\u00f3n y mi enfoque est\u00e1n en los <strong>Marineros<\/strong> y en nuestra fanaticada\", expres\u00f3 Garc\u00eda<\/p>\n<p>\u00b4\u00b4Quiero aprovechar esta <strong>oportunidad de jugar<\/strong> con <strong>Marineros<\/strong>, porque no se si en el futuro podr\u00e9 estar con el equipo, ya que tengo la meta de regresar a la <strong>NBA<\/strong>\u00b4\u00b4<\/p>\n<p>Garc\u00eda llega a la <strong>LNB<\/strong> en la plenitud de su carrera, tras ser novato del a\u00f1o en 2025 y haber promediado cifras de <strong>doble-doble<\/strong> en la NCAA con <strong>Texas A&amp;M<\/strong> y demostrar su capacidad defensiva y rebotera en el m\u00e1ximo nivel del baloncesto mundial. <\/p>\n<p>En su \u00faltima etapa con los <strong>Utah Jazz<\/strong>, el dominicano registr\u00f3 partidos de hasta <strong>11 rebotes<\/strong> y tres robos, consolid\u00e1ndose como un <strong>jugador de impacto<\/strong> inmediato en ambos lados de la cancha.<\/p>\n<div class=\"w-full pt-2 float-left inside-related\"><strong>RELACIONADAS<\/strong><\/p>\n<article class=\"flex flex-wrap border-b pb-4 mb-3 inline-block\">\n<div class=\"xl:w-2\/12 w-4\/12\">\n<figure class=\"mb-0\"><img loading=\"lazy\" decoding=\"async\" src=\"https:\/\/resources.diariolibre.com\/images\/2026\/04\/25\/lnb-gigantes-y-soles-logran-victorias-3e3962fe-focus-min0.41-0.42-149-99.jpg\" width=\"149\" height=\"99\" title=\"Gigantes y Soles logran victorias en la LNB\" alt=\"Gigantes y Soles logran victorias en la LNB\" class=\"object-cover\" \/><\/figure>\n<\/div>\n<\/article>\n<article class=\"flex flex-wrap border-b pb-4 mb-3 inline-block\">\n<div class=\"xl:w-2\/12 w-4\/12\">\n<figure class=\"mb-0\"><img loading=\"lazy\" decoding=\"async\" src=\"https:\/\/resources.diariolibre.com\/images\/2026\/04\/28\/lnb-jordan-hall-es-el-jugador-de-la-2da-semana-2343db14-focus-min0.22-0.53-149-99.jpg\" width=\"149\" height=\"99\" title=\"Jordan Hall es el Jugador de la 2da semana en la LNB\" alt=\"Jordan Hall es el Jugador de la 2da semana en la LNB\" class=\"object-cover\" \/><\/figure>\n<\/div>\n<\/article>\n<article class=\"flex flex-wrap border-b pb-4 mb-3 inline-block\">\n<div class=\"xl:w-2\/12 w-4\/12\">\n<figure class=\"mb-0\"><img loading=\"lazy\" decoding=\"async\" src=\"https:\/\/resources.diariolibre.com\/images\/2026\/04\/23\/lnb-heroes-ganan-su-primer-juego-7ea4e747-focus-0.17-0.39-149-99.jpg\" width=\"149\" height=\"99\" title=\"Los H\u00e9roes ganan su primer juego en la LNB\" alt=\"Los H\u00e9roes ganan su primer juego en la LNB\" class=\"object-cover\" \/><\/figure>\n<\/div>\n<\/article>\n<\/div>\n<p>La gerencia de los <strong>Marineros de Puerto Plata<\/strong> destac\u00f3 que la incorporaci\u00f3n de Andersson no solo eleva el nivel competitivo del conjunto, sino que env\u00eda un mensaje a su fanaticada del compromiso a toda la provincia. <\/p>\n<p>Con Garc\u00eda en sus filas, el equipo mejora sus posibilidades de <strong>avanzar en la liga<\/strong> y eventualmente disputar el campeonato. <\/p>\n<div class=\"border-t border-b py-2 my-5 tags-container\"><strong>TEMAS &#8211; <\/strong><\/p>\n<ul>\n<li><\/li>\n<li>\n<div class=\"inline-block border p-2 rounded-full align-middle\">\n<p><a href=\"https:\/\/www.diariolibre.com\/tags\/andersson-garcia\/188446\" title=\"Andersson Garc\u00eda\">Andersson Garc\u00eda<\/a><\/p>\n<\/div>\n<\/li>\n<li>\n<div class=\"inline-block border p-2 rounded-full align-middle\">\n<p><a href=\"https:\/\/www.diariolibre.com\/tags\/marineros-de-puerto-plata\/49651\" title=\"Marineros de Puerto Plata\">Marineros de Puerto Plata<\/a><\/p>\n<\/div>\n<\/li>\n<\/ul>\n<\/div>\n<p>\u00a0<\/p>\n","protected":false},"excerpt":{"rendered":"<p>\u00a0\u00a0 En un movimiento que reafirma su compromiso con el baloncesto nacional y su lealtad a la \"Novia del Atl\u00e1ntico\", el estelar alero dominicano Andersson Garc\u00eda, conocido como \"La Mamba\", ha decidido declinar ofertas fuera del pa\u00eds y oficialmente unirse a los Marineros de Puerto Plata para la temporada 2026 de la Liga Nacional de [&hellip;]<\/p>\n","protected":false},"author":1,"featured_media":26528,"comment_status":"open","ping_status":"open","sticky":false,"template":"","format":"standard","meta":{"amp_status":"","footnotes":""},"categories":[4],"tags":[],"class_list":["post-26527","post","type-post","status-publish","format-standard","has-post-thumbnail","hentry","category-deportes"],"_links":{"self":[{"href":"https:\/\/ermdigital.com\/index.php?rest_route=\/wp\/v2\/posts\/26527","targetHints":{"allow":["GET"]}}],"collection":[{"href":"https:\/\/ermdigital.com\/index.php?rest_route=\/wp\/v2\/posts"}],"about":[{"href":"https:\/\/ermdigital.com\/index.php?rest_route=\/wp\/v2\/types\/post"}],"author":[{"embeddable":true,"href":"https:\/\/ermdigital.com\/index.php?rest_route=\/wp\/v2\/users\/1"}],"replies":[{"embeddable":true,"href":"https:\/\/ermdigital.com\/index.php?rest_route=%2Fwp%2Fv2%2Fcomments&post=26527"}],"version-history":[{"count":0,"href":"https:\/\/ermdigital.com\/index.php?rest_route=\/wp\/v2\/posts\/26527\/revisions"}],"wp:featuredmedia":[{"embeddable":true,"href":"https:\/\/ermdigital.com\/index.php?rest_route=\/wp\/v2\/media\/26528"}],"wp:attachment":[{"href":"https:\/\/ermdigital.com\/index.php?rest_route=%2Fwp%2Fv2%2Fmedia&parent=26527"}],"wp:term":[{"taxonomy":"category","embeddable":true,"href":"https:\/\/ermdigital.com\/index.php?rest_route=%2Fwp%2Fv2%2Fcategories&post=26527"},{"taxonomy":"post_tag","embeddable":true,"href":"https:\/\/ermdigital.com\/index.php?rest_route=%2Fwp%2Fv2%2Ftags&post=26527"}],"curies":[{"name":"wp","href":"https:\/\/api.w.org\/{rel}","templated":true}]}}