{"id":26522,"date":"2026-04-30T10:04:46","date_gmt":"2026-04-30T14:04:46","guid":{"rendered":"https:\/\/ermdigital.com\/?p=26522"},"modified":"2026-04-30T10:04:46","modified_gmt":"2026-04-30T14:04:46","slug":"ministerio-de-interior-y-policia-impulsa-cooperacion-internacional-en-politicas-de-drogas","status":"publish","type":"post","link":"https:\/\/ermdigital.com\/?p=26522","title":{"rendered":"Ministerio de Interior y Polic\u00eda impulsa cooperaci\u00f3n internacional en pol\u00edticas de drogas"},"content":{"rendered":"<p><span class=\"field field--name-title field--type-string field--label-hidden\">Ministerio de Interior y Polic\u00eda impulsa cooperaci\u00f3n internacional en pol\u00edticas de drogas<\/span><br \/>\n<span class=\"field field--name-uid field--type-entity-reference field--label-hidden\"><span>yamellrossi<\/span><\/span><br \/>\n<span class=\"field field--name-created field--type-created field--label-hidden\"><time datetime=\"2026-04-30T10:04:46-04:00\" title=\"Jueves, Abril 30, 2026 - 10:04\" class=\"datetime\">30 de  Abril 2026 | 10:04<\/time><br \/>\n<\/span><\/p>\n<div class=\"clearfix text-formatted field field--name-body field--type-text-with-summary field--label-hidden field__item\">\n<p dir=\"ltr\"><span>Punta Cana.\u2013 El\u00a0<\/span><strong>Ministerio de Interior y Polic\u00eda<\/strong><span> destac\u00f3 los\u00a0<\/span><strong>avances<\/strong><span> alcanzados en materia de\u00a0<\/span><strong>cooperaci\u00f3n internacional<\/strong><span> durante la IV Reuni\u00f3n Anual del Programa de Cooperaci\u00f3n entre Am\u00e9rica Latina, el Caribe y la Uni\u00f3n Europea en Pol\u00edticas de Drogas (<\/span><strong>COPOLAD III<\/strong><span>), celebrada en Punta Cana con la participaci\u00f3n de delegaciones de\u00a0<\/span><strong>m\u00e1s de 40 pa\u00edses.<\/strong><\/p>\n<p dir=\"ltr\"><span>El encuentro, que reuni\u00f3 a\u00a0<\/span><strong>autoridades y especialistas\u00a0<\/strong><span>de los \u00e1mbitos de\u00a0<\/span><strong>seguridad, salud y justicia<\/strong><span>, permiti\u00f3 fortalecer la\u00a0<\/span><strong>coordinaci\u00f3n<\/strong><span> frente a\u00a0<\/span><strong>desaf\u00edos comunes<\/strong><span> como la expansi\u00f3n de\u00a0<\/span><strong>sustancias sint\u00e9ticas<\/strong><span>, el aumento del\u00a0<\/span><strong>consumo problem\u00e1tico<\/strong><span> y el impacto del\u00a0<\/span><strong>narcotr\u00e1fico en la seguridad ciudadana.<\/strong><\/p>\n<p dir=\"ltr\"><span>La ministra de Interior y Polic\u00eda,\u00a0<\/span><strong>Faride Raful<\/strong><span>, resalt\u00f3 que este di\u00e1logo confirma que la respuesta al fen\u00f3meno de las drogas requiere una\u00a0<\/span><strong>alianza real, estrat\u00e9gica y sostenida entre el sector p\u00fablico y el sector privado<\/strong><span>.\u00a0<\/span><\/p>\n<p dir=\"ltr\"><span>Por este motivo, destac\u00f3 la importancia de enfrentar los desaf\u00edos del crimen organizado promoviendo un\u00a0<\/span><strong>enfoque integral<\/strong><span> que combina\u00a0<\/span><strong>prevenci\u00f3n, control y cooperaci\u00f3n internacional<\/strong><span>. Asimismo, enfatiz\u00f3 la importancia de la\u00a0<\/span><strong>corresponsabilidad<\/strong><span> entre el sector p\u00fablico y privado para limitar el accionar de las\u00a0<\/span><strong>econom\u00edas il\u00edcitas.<\/strong><\/p>\n<p dir=\"ltr\"><span>Durante la reuni\u00f3n se abordaron temas clave como el fortalecimiento de los sistemas de\u00a0<\/span><strong>informaci\u00f3n y alerta temprana<\/strong><span>, la prevenci\u00f3n basada en\u00a0<\/span><strong>evidencia<\/strong><span> y la lucha contra el\u00a0<\/span><strong>crimen organizado<\/strong><span>, con el objetivo de consolidar\u00a0<\/span><strong>pol\u00edticas p\u00fablicas m\u00e1s efectivas, humanas y sostenibles.<\/strong><\/p>\n<p dir=\"ltr\"><span>La ministra subray\u00f3 que los resultados de este encuentro servir\u00e1n de base para la pr\u00f3xima\u00a0<\/span><strong>Reuni\u00f3n de Alto Nivel del Mecanismo de Coordinaci\u00f3n y Cooperaci\u00f3n en Materia de Drogas\u00a0<\/strong><span>entre la<\/span><strong> Uni\u00f3n Europea y CELAC,<\/strong><span> reafirmando el\u00a0<\/span><strong>liderazgo de la Rep\u00fablica Dominicana<\/strong><span> en la promoci\u00f3n de la\u00a0<\/span><strong>seguridad regional.<\/strong><\/p>\n<p><span>Con la celebraci\u00f3n de este importante foro internacional,\u00a0<\/span><strong>el pa\u00eds consolida su rol como socio estrat\u00e9gico<\/strong><span> en la articulaci\u00f3n de\u00a0<\/span><strong>respuestas conjuntas<\/strong><span> frente al\u00a0<\/span><strong>problema mundial de las drogas<\/strong><span>, apostando por el fortalecimiento institucional y la cooperaci\u00f3n como pilares fundamentales.<\/span><\/p>\n<\/div>\n<div class=\"field field--name-field-image field--type-image field--label-hidden field__item\">  <img decoding=\"async\" loading=\"lazy\" src=\"https:\/\/www.presidencia.gob.do\/sites\/default\/files\/news\/2026-04\/Ministra%20%20de%20Interior%20en%20su%20inte.jpg\" width=\"1300\" height=\"854\" alt=\"Energia\"><\/p>\n<\/div>\n<p>\u00a0Ministerio de Interior y Polic\u00eda impulsa cooperaci\u00f3n internacional en pol\u00edticas de drogas<br \/>\nyamellrossi<br \/>\n30 de  Abril 2026 | 10:04<\/p>\n<p>            Punta Cana.\u2013 El\u00a0Ministerio de Interior y Polic\u00eda destac\u00f3 los\u00a0avances alcanzados en materia de\u00a0cooperaci\u00f3n internacional durante la IV Reuni\u00f3n Anual del Programa de Cooperaci\u00f3n entre Am\u00e9rica Latina, el Caribe y la Uni\u00f3n Europea en Pol\u00edticas de Drogas (COPOLAD III), celebrada en Punta Cana con la participaci\u00f3n de delegaciones de\u00a0m\u00e1s de 40 pa\u00edses.<br \/>\nEl encuentro, que reuni\u00f3 a\u00a0autoridades y especialistas\u00a0de los \u00e1mbitos de\u00a0seguridad, salud y justicia, permiti\u00f3 fortalecer la\u00a0coordinaci\u00f3n frente a\u00a0desaf\u00edos comunes como la expansi\u00f3n de\u00a0sustancias sint\u00e9ticas, el aumento del\u00a0consumo problem\u00e1tico y el impacto del\u00a0narcotr\u00e1fico en la seguridad ciudadana.<br \/>\nLa ministra de Interior y Polic\u00eda,\u00a0Faride Raful, resalt\u00f3 que este di\u00e1logo confirma que la respuesta al fen\u00f3meno de las drogas requiere una\u00a0alianza real, estrat\u00e9gica y sostenida entre el sector p\u00fablico y el sector privado.\u00a0<br \/>\nPor este motivo, destac\u00f3 la importancia de enfrentar los desaf\u00edos del crimen organizado promoviendo un\u00a0enfoque integral que combina\u00a0prevenci\u00f3n, control y cooperaci\u00f3n internacional. Asimismo, enfatiz\u00f3 la importancia de la\u00a0corresponsabilidad entre el sector p\u00fablico y privado para limitar el accionar de las\u00a0econom\u00edas il\u00edcitas.<br \/>\nDurante la reuni\u00f3n se abordaron temas clave como el fortalecimiento de los sistemas de\u00a0informaci\u00f3n y alerta temprana, la prevenci\u00f3n basada en\u00a0evidencia y la lucha contra el\u00a0crimen organizado, con el objetivo de consolidar\u00a0pol\u00edticas p\u00fablicas m\u00e1s efectivas, humanas y sostenibles.<br \/>\nLa ministra subray\u00f3 que los resultados de este encuentro servir\u00e1n de base para la pr\u00f3xima\u00a0Reuni\u00f3n de Alto Nivel del Mecanismo de Coordinaci\u00f3n y Cooperaci\u00f3n en Materia de Drogas\u00a0entre la Uni\u00f3n Europea y CELAC, reafirmando el\u00a0liderazgo de la Rep\u00fablica Dominicana en la promoci\u00f3n de la\u00a0seguridad regional.<br \/>\nCon la celebraci\u00f3n de este importante foro internacional,\u00a0el pa\u00eds consolida su rol como socio estrat\u00e9gico en la articulaci\u00f3n de\u00a0respuestas conjuntas frente al\u00a0problema mundial de las drogas, apostando por el fortalecimiento institucional y la cooperaci\u00f3n como pilares fundamentales.\u00a0\u00a0\u00a0<\/p>\n","protected":false},"excerpt":{"rendered":"<p>Ministerio de Interior y Polic\u00eda impulsa cooperaci\u00f3n internacional en pol\u00edticas de drogas yamellrossi 30 de Abril 2026 | 10:04 Punta Cana.\u2013 El\u00a0Ministerio de Interior y Polic\u00eda destac\u00f3 los\u00a0avances alcanzados en materia de\u00a0cooperaci\u00f3n internacional durante la IV Reuni\u00f3n Anual del Programa de Cooperaci\u00f3n entre Am\u00e9rica Latina, el Caribe y la Uni\u00f3n Europea en Pol\u00edticas de Drogas [&hellip;]<\/p>\n","protected":false},"author":1,"featured_media":26523,"comment_status":"open","ping_status":"open","sticky":false,"template":"","format":"standard","meta":{"amp_status":"","footnotes":""},"categories":[8],"tags":[],"class_list":["post-26522","post","type-post","status-publish","format-standard","has-post-thumbnail","hentry","category-republica"],"_links":{"self":[{"href":"https:\/\/ermdigital.com\/index.php?rest_route=\/wp\/v2\/posts\/26522","targetHints":{"allow":["GET"]}}],"collection":[{"href":"https:\/\/ermdigital.com\/index.php?rest_route=\/wp\/v2\/posts"}],"about":[{"href":"https:\/\/ermdigital.com\/index.php?rest_route=\/wp\/v2\/types\/post"}],"author":[{"embeddable":true,"href":"https:\/\/ermdigital.com\/index.php?rest_route=\/wp\/v2\/users\/1"}],"replies":[{"embeddable":true,"href":"https:\/\/ermdigital.com\/index.php?rest_route=%2Fwp%2Fv2%2Fcomments&post=26522"}],"version-history":[{"count":0,"href":"https:\/\/ermdigital.com\/index.php?rest_route=\/wp\/v2\/posts\/26522\/revisions"}],"wp:featuredmedia":[{"embeddable":true,"href":"https:\/\/ermdigital.com\/index.php?rest_route=\/wp\/v2\/media\/26523"}],"wp:attachment":[{"href":"https:\/\/ermdigital.com\/index.php?rest_route=%2Fwp%2Fv2%2Fmedia&parent=26522"}],"wp:term":[{"taxonomy":"category","embeddable":true,"href":"https:\/\/ermdigital.com\/index.php?rest_route=%2Fwp%2Fv2%2Fcategories&post=26522"},{"taxonomy":"post_tag","embeddable":true,"href":"https:\/\/ermdigital.com\/index.php?rest_route=%2Fwp%2Fv2%2Ftags&post=26522"}],"curies":[{"name":"wp","href":"https:\/\/api.w.org\/{rel}","templated":true}]}}