{"id":26520,"date":"2026-04-30T10:14:38","date_gmt":"2026-04-30T14:14:38","guid":{"rendered":"https:\/\/ermdigital.com\/?p=26520"},"modified":"2026-04-30T10:14:38","modified_gmt":"2026-04-30T14:14:38","slug":"puerto-plata-apuesta-a-la-unidad-para-consolidarse-como-destino-turistico","status":"publish","type":"post","link":"https:\/\/ermdigital.com\/?p=26520","title":{"rendered":"Puerto Plata apuesta a la unidad para consolidarse como destino tur\u00edstico"},"content":{"rendered":"<p><em>Genaro Cid y Leonardo Medrano anunciaron el inicio de un trabajo conjunto orientado al fortalecimiento y organizaci\u00f3n de este destino ubicado en el norte de Rep\u00fablica Dominicana.<\/em><\/p>\n<p>Durante un encuentro celebrado en su despacho, el reci\u00e9n designado director provincial de turismo, Genaro Cid, recibi\u00f3 al director municipal de turismo, Leonardo Medrano, con quien sostuvo una reuni\u00f3n de trabajo enfocada en establecer una agenda com\u00fan de acciones inmediatas en beneficio del sector tur\u00edstico y la imagen de la ciudad.<\/p>\n<p><em><img loading=\"lazy\" decoding=\"async\" class=\"alignnone size-medium wp-image-25818\" src=\"https:\/\/adompretur.com\/wp-content\/uploads\/2026\/04\/Leonardo-Medrano-y-Genaro-Cid-300x225.jpeg\" alt=\"\" width=\"300\" height=\"225\"><\/em><\/p>\n<p><em>Leonardo Medrano y Genaro Cid. Fuente externa\u00a0<\/em><\/p>\n<p>Este encuentro considerado hist\u00f3rico para el desarrollo tur\u00edstico local, Genaro Cid y Leonardo Medrano anunciaron el inicio de un trabajo conjunto orientado al fortalecimiento y organizaci\u00f3n del destino Puerto Plata, mediante acciones coordinadas entre ambas instituciones.<\/p>\n<p>Genaro Cid escuch\u00f3 diversas iniciativas presentadas por Leonardo Medrano, entre ellas la realizaci\u00f3n de un levantamiento del Centro Hist\u00f3rico de Puerto Plata para identificar puntos prioritarios de mejora, as\u00ed como la ejecuci\u00f3n de un amplio operativo de limpieza de playas que contar\u00e1 con la participaci\u00f3n conjunta de brigadas de la Alcald\u00eda y del Ministerio de Turismo (MITUR).<\/p>\n<p>Ambos funcionarios coincidieron en la importancia de mantener una coordinaci\u00f3n permanente entre las autoridades municipales y provinciales, destacando que esta alianza institucional permitir\u00e1 impulsar proyectos sostenibles, mejorar los espacios tur\u00edsticos y continuar fortaleciendo a Puerto Plata como uno de los principales destinos del pa\u00eds.<\/p>\n<p>La entrada <a href=\"https:\/\/adompretur.com\/2026\/04\/30\/puerto-plata-apuesta-a-la-unidad-para-consolidarse-como-destino-turistico\/\">Puerto Plata apuesta a la unidad para consolidarse como destino tur\u00edstico<\/a> se public\u00f3 primero en <a href=\"https:\/\/adompretur.com\/\">ADOMPRETUR<\/a>.<\/p>\n<p>\u200bGenaro Cid y Leonardo Medrano anunciaron el inicio de un trabajo conjunto orientado al fortalecimiento y organizaci\u00f3n de este destino ubicado en el norte de Rep\u00fablica Dominicana. Durante un encuentro celebrado en su despacho, el reci\u00e9n designado director provincial de turismo, Genaro Cid, recibi\u00f3 al director municipal de turismo, Leonardo Medrano, con quien sostuvo una<br \/>\nLa entrada Puerto Plata apuesta a la unidad para consolidarse como destino tur\u00edstico se public\u00f3 primero en ADOMPRETUR.\u00a0\u00a0Destinos, Eventos, RD\u00a0<\/p>\n","protected":false},"excerpt":{"rendered":"<p>Genaro Cid y Leonardo Medrano anunciaron el inicio de un trabajo conjunto orientado al fortalecimiento y organizaci\u00f3n de este destino ubicado en el norte de Rep\u00fablica Dominicana. Durante un encuentro celebrado en su despacho, el reci\u00e9n designado director provincial de turismo, Genaro Cid, recibi\u00f3 al director municipal de turismo, Leonardo Medrano, con quien sostuvo una [&hellip;]<\/p>\n","protected":false},"author":1,"featured_media":26521,"comment_status":"open","ping_status":"open","sticky":false,"template":"","format":"standard","meta":{"amp_status":"","footnotes":""},"categories":[24],"tags":[],"class_list":["post-26520","post","type-post","status-publish","format-standard","has-post-thumbnail","hentry","category-turismo"],"_links":{"self":[{"href":"https:\/\/ermdigital.com\/index.php?rest_route=\/wp\/v2\/posts\/26520","targetHints":{"allow":["GET"]}}],"collection":[{"href":"https:\/\/ermdigital.com\/index.php?rest_route=\/wp\/v2\/posts"}],"about":[{"href":"https:\/\/ermdigital.com\/index.php?rest_route=\/wp\/v2\/types\/post"}],"author":[{"embeddable":true,"href":"https:\/\/ermdigital.com\/index.php?rest_route=\/wp\/v2\/users\/1"}],"replies":[{"embeddable":true,"href":"https:\/\/ermdigital.com\/index.php?rest_route=%2Fwp%2Fv2%2Fcomments&post=26520"}],"version-history":[{"count":0,"href":"https:\/\/ermdigital.com\/index.php?rest_route=\/wp\/v2\/posts\/26520\/revisions"}],"wp:featuredmedia":[{"embeddable":true,"href":"https:\/\/ermdigital.com\/index.php?rest_route=\/wp\/v2\/media\/26521"}],"wp:attachment":[{"href":"https:\/\/ermdigital.com\/index.php?rest_route=%2Fwp%2Fv2%2Fmedia&parent=26520"}],"wp:term":[{"taxonomy":"category","embeddable":true,"href":"https:\/\/ermdigital.com\/index.php?rest_route=%2Fwp%2Fv2%2Fcategories&post=26520"},{"taxonomy":"post_tag","embeddable":true,"href":"https:\/\/ermdigital.com\/index.php?rest_route=%2Fwp%2Fv2%2Ftags&post=26520"}],"curies":[{"name":"wp","href":"https:\/\/api.w.org\/{rel}","templated":true}]}}