{"id":26518,"date":"2026-04-30T08:28:40","date_gmt":"2026-04-30T12:28:40","guid":{"rendered":"https:\/\/ermdigital.com\/?p=26518"},"modified":"2026-04-30T08:28:40","modified_gmt":"2026-04-30T12:28:40","slug":"el-nobel-de-la-paz-de-este-ano-cuenta-con-287-nominados","status":"publish","type":"post","link":"https:\/\/ermdigital.com\/?p=26518","title":{"rendered":"El Nobel de la Paz de este a\u00f1o cuenta con 287 nominados"},"content":{"rendered":"<p><strong>Copenhague.-<\/strong> El <strong>Nobel de la Paz 2026<\/strong> cuenta con <strong>287 candidatos<\/strong>, de los que 208 son individuos y <strong>79 son organizaciones<\/strong>, inform\u00f3 este jueves el Comit\u00e9 Nobel noruego, la instituci\u00f3n que cada a\u00f1o otorga este galard\u00f3n.<\/p>\n<p>La cifra supone un descenso respecto a la \u00faltima edici\u00f3n, en la que hubo 338 nominados.<\/p>\n<h2 class=\"wp-block-heading\">\"El n\u00famero de nominaciones<strong> permanece alto de forma consistente<\/strong>, lo que refleja el robusto inter\u00e9s global en el <strong>Nobel de la Paz<\/strong>. En un mundo cada vez m\u00e1s conflictivo no faltan candidatos cuyo compromiso y acci\u00f3n innovadora apunte hacia un futuro m\u00e1s luminoso\", apunt\u00f3 el Comit\u00e9 en un comunicado.<\/h2>\n<p>El Comit\u00e9 Nobel record\u00f3 que el plazo para presentar nominaciones se cierra el 31 de enero, aunque los miembros de este organismo pueden a\u00f1adir m\u00e1s en la primera reuni\u00f3n del a\u00f1o, que en esta ocasi\u00f3n se celebr\u00f3 el pasado 26 de febrero.<\/p>\n<p>De acuerdo con el <strong>testamento de Alfred Nobel<\/strong>, el magnate sueco que instituy\u00f3 los premios que llevan su nombre, pueden designar candidatos al<strong> galard\u00f3n de la Paz<\/strong> catedr\u00e1ticos de universidad en Derecho, Historia y Ciencias Pol\u00edticas, parlamentarios, antiguos laureados y miembros de tribunales internacionales, entre otros.<\/p>\n<p>S\u00f3lo si quienes proponen a una persona u organizaci\u00f3n lo hacen p\u00fablico se puede conocer la identidad de los candidatos, ya que el Comit\u00e9 Nobel noruego \u00fanicamente publica el n\u00famero total de aspirantes y no confirma nombres hasta 50 a\u00f1os despu\u00e9s.<\/p>\n<p>As\u00ed se sabe, por ejemplo, que entre los nominados de este a\u00f1o figuran la Relatora especial de las Naciones Unidas para los Territorios Palestinos ocupados, Francesca Albanese, y el Museo del Holocausto.<\/p>\n<p><strong>Te puede interesar: <\/strong><\/p>\n<p>El premio de la Paz se fallar\u00e1 el pr\u00f3ximo 9 de octubre y se entregar\u00e1, como todos los a\u00f1os, el 10 de diciembre, en el aniversario de la muerte de su fundador, en una doble ceremonia: en el Ayuntamiento de Oslo, para el de la Paz, y en el Konserthus de Estocolmo, para los otros cinco galardones.<\/p>\n<p><strong>La l\u00edder opositora venezolana Mar\u00eda Corina Machado<\/strong> gan\u00f3 el<strong> Nobel de la Paz<\/strong> el a\u00f1o pasado \"por su incansable labor en la promoci\u00f3n de los derechos democr\u00e1ticos del pueblo venezolano y por su lucha por lograr una transici\u00f3n justa y pac\u00edfica de la dictadura a la democracia\", seg\u00fan el fallo.\u00a0<\/p>\n<p>\u200bCopenhague.- El Nobel de la Paz 2026 cuenta con 287 candidatos, de los que 208 son individuos y 79 son organizaciones, inform\u00f3 este jueves el Comit\u00e9 Nobel noruego, la instituci\u00f3n que cada a\u00f1o otorga este galard\u00f3n. La cifra supone un descenso respecto a la \u00faltima edici\u00f3n, en la que hubo 338 nominados. \"El n\u00famero de\u00a0\u00a0Internacionales, Nobel de la Paz, nominados\u00a0\u00a0<\/p>\n","protected":false},"excerpt":{"rendered":"<p>Copenhague.- El Nobel de la Paz 2026 cuenta con 287 candidatos, de los que 208 son individuos y 79 son organizaciones, inform\u00f3 este jueves el Comit\u00e9 Nobel noruego, la instituci\u00f3n que cada a\u00f1o otorga este galard\u00f3n. La cifra supone un descenso respecto a la \u00faltima edici\u00f3n, en la que hubo 338 nominados. \"El n\u00famero de [&hellip;]<\/p>\n","protected":false},"author":1,"featured_media":26519,"comment_status":"open","ping_status":"open","sticky":false,"template":"","format":"standard","meta":{"amp_status":"","footnotes":""},"categories":[3],"tags":[],"class_list":["post-26518","post","type-post","status-publish","format-standard","has-post-thumbnail","hentry","category-de-ultimo-minuto"],"_links":{"self":[{"href":"https:\/\/ermdigital.com\/index.php?rest_route=\/wp\/v2\/posts\/26518","targetHints":{"allow":["GET"]}}],"collection":[{"href":"https:\/\/ermdigital.com\/index.php?rest_route=\/wp\/v2\/posts"}],"about":[{"href":"https:\/\/ermdigital.com\/index.php?rest_route=\/wp\/v2\/types\/post"}],"author":[{"embeddable":true,"href":"https:\/\/ermdigital.com\/index.php?rest_route=\/wp\/v2\/users\/1"}],"replies":[{"embeddable":true,"href":"https:\/\/ermdigital.com\/index.php?rest_route=%2Fwp%2Fv2%2Fcomments&post=26518"}],"version-history":[{"count":0,"href":"https:\/\/ermdigital.com\/index.php?rest_route=\/wp\/v2\/posts\/26518\/revisions"}],"wp:featuredmedia":[{"embeddable":true,"href":"https:\/\/ermdigital.com\/index.php?rest_route=\/wp\/v2\/media\/26519"}],"wp:attachment":[{"href":"https:\/\/ermdigital.com\/index.php?rest_route=%2Fwp%2Fv2%2Fmedia&parent=26518"}],"wp:term":[{"taxonomy":"category","embeddable":true,"href":"https:\/\/ermdigital.com\/index.php?rest_route=%2Fwp%2Fv2%2Fcategories&post=26518"},{"taxonomy":"post_tag","embeddable":true,"href":"https:\/\/ermdigital.com\/index.php?rest_route=%2Fwp%2Fv2%2Ftags&post=26518"}],"curies":[{"name":"wp","href":"https:\/\/api.w.org\/{rel}","templated":true}]}}