{"id":26504,"date":"2026-04-30T09:20:17","date_gmt":"2026-04-30T13:20:17","guid":{"rendered":"https:\/\/ermdigital.com\/?p=26504"},"modified":"2026-04-30T09:20:17","modified_gmt":"2026-04-30T13:20:17","slug":"orlando-mercedes-pina-rechaza-acusaciones-y-anuncia-acciones-legales-en-santo-domingo-oeste","status":"publish","type":"post","link":"https:\/\/ermdigital.com\/?p=26504","title":{"rendered":"Orlando Mercedes Pi\u00f1a rechaza acusaciones y anuncia acciones legales en Santo Domingo Oeste"},"content":{"rendered":"<p><strong>Santo Domingo Oeste.<\/strong> \u2013 El comunitario y comunicador Orlando Mercedes Pi\u00f1a rechaz\u00f3 las acusaciones formuladas en su contra y anunci\u00f3 que acudir\u00e1 a la v\u00eda judicial para defender su honor y reputaci\u00f3n.<\/p>\n<p>Mercedes Pi\u00f1a afirm\u00f3 que durante a\u00f1os ha mantenido una relaci\u00f3n de respeto y cercan\u00eda con el tambi\u00e9n comunicador Miguel Nicol\u00e1s, por lo que expres\u00f3 sorpresa ante los se\u00f1alamientos realizados p\u00fablicamente.<\/p>\n<p>\u201cSiempre he llevado un grado de hermandad con Miguel Nicol\u00e1s y no soy capaz de actuar contrario a nuestros principios de personas de bien\u201d, sostuvo.<\/p>\n<p>El dirigente comunitario asegur\u00f3 que nunca ha actuado en perjuicio de personas de su entorno personal o profesional, destacando que su trayectoria ha estado marcada por el respeto, la solidaridad y la convivencia pac\u00edfica.<\/p>\n<p>Asimismo, indic\u00f3 que las acusaciones carecen de fundamento y deber\u00e1n ser sustentadas con pruebas ante los tribunales competentes.<\/p>\n<p>En ese sentido, inform\u00f3 que en las pr\u00f3ximas horas proceder\u00e1 legalmente contra las partes involucradas, al tiempo que manifest\u00f3 su confianza en que la verdad prevalecer\u00e1 a trav\u00e9s del debido proceso.<\/p>\n<p>Finalmente, reiter\u00f3 que enfrentar\u00e1 la situaci\u00f3n con responsabilidad, firmeza y respeto, hasta que los hechos sean esclarecidos.<\/p>\n<p>\u200bSanto Domingo Oeste. \u2013 El comunitario y comunicador Orlando Mercedes Pi\u00f1a rechaz\u00f3 las acusaciones formuladas en su contra y anunci\u00f3 que acudir\u00e1 a la v\u00eda judicial para defender su honor y reputaci\u00f3n. Mercedes Pi\u00f1a afirm\u00f3 que durante a\u00f1os ha mantenido una relaci\u00f3n de respeto y cercan\u00eda con el tambi\u00e9n comunicador Miguel Nicol\u00e1s, por lo que\u00a0\u00a0Nacionales, Deultimominuto, ElPeri\u00f3dicodelaVerdad, Estados Unidos, Rep\u00fablica Dominicana\u00a0\u00a0<\/p>\n","protected":false},"excerpt":{"rendered":"<p>Santo Domingo Oeste. \u2013 El comunitario y comunicador Orlando Mercedes Pi\u00f1a rechaz\u00f3 las acusaciones formuladas en su contra y anunci\u00f3 que acudir\u00e1 a la v\u00eda judicial para defender su honor y reputaci\u00f3n. Mercedes Pi\u00f1a afirm\u00f3 que durante a\u00f1os ha mantenido una relaci\u00f3n de respeto y cercan\u00eda con el tambi\u00e9n comunicador Miguel Nicol\u00e1s, por lo que [&hellip;]<\/p>\n","protected":false},"author":1,"featured_media":26505,"comment_status":"open","ping_status":"open","sticky":false,"template":"","format":"standard","meta":{"amp_status":"","footnotes":""},"categories":[3],"tags":[],"class_list":["post-26504","post","type-post","status-publish","format-standard","has-post-thumbnail","hentry","category-de-ultimo-minuto"],"_links":{"self":[{"href":"https:\/\/ermdigital.com\/index.php?rest_route=\/wp\/v2\/posts\/26504","targetHints":{"allow":["GET"]}}],"collection":[{"href":"https:\/\/ermdigital.com\/index.php?rest_route=\/wp\/v2\/posts"}],"about":[{"href":"https:\/\/ermdigital.com\/index.php?rest_route=\/wp\/v2\/types\/post"}],"author":[{"embeddable":true,"href":"https:\/\/ermdigital.com\/index.php?rest_route=\/wp\/v2\/users\/1"}],"replies":[{"embeddable":true,"href":"https:\/\/ermdigital.com\/index.php?rest_route=%2Fwp%2Fv2%2Fcomments&post=26504"}],"version-history":[{"count":0,"href":"https:\/\/ermdigital.com\/index.php?rest_route=\/wp\/v2\/posts\/26504\/revisions"}],"wp:featuredmedia":[{"embeddable":true,"href":"https:\/\/ermdigital.com\/index.php?rest_route=\/wp\/v2\/media\/26505"}],"wp:attachment":[{"href":"https:\/\/ermdigital.com\/index.php?rest_route=%2Fwp%2Fv2%2Fmedia&parent=26504"}],"wp:term":[{"taxonomy":"category","embeddable":true,"href":"https:\/\/ermdigital.com\/index.php?rest_route=%2Fwp%2Fv2%2Fcategories&post=26504"},{"taxonomy":"post_tag","embeddable":true,"href":"https:\/\/ermdigital.com\/index.php?rest_route=%2Fwp%2Fv2%2Ftags&post=26504"}],"curies":[{"name":"wp","href":"https:\/\/api.w.org\/{rel}","templated":true}]}}