{"id":26496,"date":"2026-04-30T08:59:00","date_gmt":"2026-04-30T12:59:00","guid":{"rendered":"https:\/\/ermdigital.com\/?p=26496"},"modified":"2026-04-30T08:59:00","modified_gmt":"2026-04-30T12:59:00","slug":"la-ballena-timmy-un-rescate-espectacular-con-final-incierto-en-el-mar-baltico","status":"publish","type":"post","link":"https:\/\/ermdigital.com\/?p=26496","title":{"rendered":"La ballena \"Timmy\": un rescate espectacular con final incierto en el mar B\u00e1ltico"},"content":{"rendered":"<p>Una <a class=\"internal-link\" href=\"https:\/\/www.dw.com\/es\/la-ballena-jorobada-timmy-logra-llegar-a-barcaza-especial\/a-76975266\">espectacular operaci\u00f3n de rescate<\/a> puso fin este mi\u00e9rcoles (29.04.2026), de forma provisional, al drama que durante semanas mantuvo en vilo a pol\u00edticos, protectores de animales y medios de comunicaci\u00f3n en Alemania. La ballena jorobada conocida como \"Timmy\" fue izada con una gr\u00faa de carga en la bah\u00eda del mar B\u00e1ltico, frente a la ciudad de Wismar, en Mecklemburgo-Pomerania Occidental, y trasladada hacia aguas m\u00e1s profundas.<\/p>\n<p>Ese mismo d\u00eda, el animal \u2013visiblemente debilitado\u2013 alcanz\u00f3 aguas danesas, acompa\u00f1ado por embarcaciones de una iniciativa privada que lo escoltan rumbo al mar del Norte. Seg\u00fan las \u00faltimas informaciones de AFP, los expertos le atribuyen escasas posibilidades de supervivencia.<\/p>\n<p>El ministro regional de Medio Ambiente, Till Backhaus (SPD), agradeci\u00f3 a todos los implicados en el operativo, en especial al equipo de la iniciativa privada de rescate, y calific\u00f3 la situaci\u00f3n como \"excepcional\", subrayando que dif\u00edcilmente tiene precedentes en esa forma.<\/p>\n<figure class=\"placeholder-image master_landscape big\"><img decoding=\"async\" data-format=\"MASTER_LANDSCAPE\" data-id=\"76996058\" data-url=\"https:\/\/static.dw.com\/image\/76996058_$formatId.jpg\" data-aspect-ratio=\"16\/9\" alt=\"La ballena &quot;Timmy&quot; fue remolcada en una barcaza por el mar B\u00e1ltico frente a la costa danesa de Aarhus, rumbo al mar del Norte.\" src=\"image\/gif;base64,R0lGODlhAQABAAAAACH5BAEKAAEALAAAAAABAAEAAAICTAEAOw==\" \/><figcaption class=\"img-caption\">La ballena \"Timmy\" fue remolcada en una barcaza por el mar B\u00e1ltico frente a la costa danesa de Aarhus, rumbo al mar del Norte.<small class=\"copyright\">Imagen: Christoph Reichwein\/dpa\/picture alliance<\/small><\/figcaption><\/figure>\n<h2><strong>Durante semanas, la ballena estuvo varada frente a Wismar <\/strong><\/h2>\n<p>La historia comenz\u00f3 el 3 de marzo de 2026, cuando la ballena <a class=\"internal-link\" href=\"https:\/\/www.dw.com\/es\/timmy-la-ballena-jorobada-debilitada-en-el-b%C3%A1ltico-mientras-alemania-intenta-un-rescate-incierto\/a-76837053\">fue avistada por primera vez frente<\/a> a la costa b\u00e1ltica de Mecklemburgo-Pomerania Occidental. En los d\u00edas siguientes, millones de personas siguieron su evoluci\u00f3n a trav\u00e9s de redes sociales, televisi\u00f3n, radio y prensa escrita.<\/p>\n<p>Desde la bah\u00eda de Wismar, \"Timmy\" nad\u00f3 inicialmente hacia el oeste, hasta la costa de Schleswig-Holstein. All\u00ed fue localizada por turistas frente al balneario de Timmendorfer Strand, donde qued\u00f3 varada en un banco de arena. Aunque logr\u00f3 liberarse, <a class=\"internal-link\" href=\"https:\/\/www.dw.com\/es\/la-saga-de-timmy-contin%C3%BAa-la-ballena-se-libera-pero-vuelve-a-quedar-atrapada\/a-76863196\">termin\u00f3 regresando hacia el este,<\/a> de nuevo a la bah\u00eda frente a Wismar, cerca de la isla de Poel.<\/p>\n<p>A partir de ese momento, el animal permaneci\u00f3 durante semanas en aguas poco profundas, aparentemente desorientado y con signos evidentes de debilidad. En varias ocasiones consigui\u00f3 nadar brevemente, pero volv\u00eda a quedar atrapado en bancos de arena. Con el tiempo, los intentos de rescate fueron suspendidos ante el deterioro de su estado.<\/p>\n<p>El <a class=\"internal-link\" href=\"https:\/\/www.dw.com\/es\/mar-b%C3%A1ltico\/t-62749507\">mar B\u00e1ltico<\/a> presenta condiciones poco favorables para las ballenas jorobadas. Su salinidad es considerablemente menor que la del mar del Norte y el Atl\u00e1ntico, donde <a class=\"internal-link\" href=\"https:\/\/www.dw.com\/es\/las-ballenas-jorobadas-podr%C3%ADan-estar-enviando-mensajes-a-los-humanos-revelan-cient%C3%ADficos\/a-72934286\">estos cet\u00e1ceos<\/a> habitan habitualmente, lo que puede debilitar su piel. Adem\u00e1s, se trata de un mar poco profundo, con una profundidad media de unos 52 metros.<\/p>\n<p>Los expertos sospechan que estos animales pueden adentrarse en el B\u00e1ltico siguiendo bancos de peces.<\/p>\n<p>Durante las semanas que dur\u00f3 el caso, \"Timmy\" fue examinada, evaluada y medida. Seg\u00fan las autoridades, el animal med\u00eda 12,35 metros de largo, 3,20 metros de ancho y 1,60 metros de alto.<\/p>\n<p>Los ex\u00e1menes detectaron heridas, probablemente causadas por h\u00e9lices de barcos, y en su boca se hallaron restos de una red de pesca. Su piel estaba gravemente da\u00f1ada y su estado general era de gran debilidad.<\/p>\n<p>Los intentos de rescate movilizaron recursos considerables. En Timmendorfer Strand, equipos especializados utilizaron dragas para abrir canales que facilitaran su salida al mar. Esos trabajos supusieron unos costes de alrededor de 40.000 euros, seg\u00fan las autoridades locales.<\/p>\n<figure class=\"placeholder-image master_landscape big\"><img decoding=\"async\" data-format=\"MASTER_LANDSCAPE\" data-id=\"76832086\" data-url=\"https:\/\/static.dw.com\/image\/76832086_$formatId.jpg\" data-aspect-ratio=\"16\/9\" alt=\"Demasiado cerca de la costa, en las aguas poco profundas del mar B\u00e1ltico: &quot;Timmy&quot; frente a Timmendorfer Strand, en Schleswig-Holstein (23 de marzo)\" src=\"image\/gif;base64,R0lGODlhAQABAAAAACH5BAEKAAEALAAAAAABAAEAAAICTAEAOw==\" \/><figcaption class=\"img-caption\">Demasiado cerca de la costa, en las aguas poco profundas del mar B\u00e1ltico: \"Timmy\" frente a Timmendorfer Strand, en Schleswig-Holstein (23 de marzo)<small class=\"copyright\">Imagen: Ren\u00e9 Schr\u00f6der\/NEWS5\/dpa\/picture alliance<\/small><\/figcaption><\/figure>\n<p>En Wismar participaron bomberos, polic\u00eda fluvial y numerosos vecinos, bajo la coordinaci\u00f3n del propio ministro Backhaus. En un momento se valor\u00f3 solicitar un catamar\u00e1n especial desde Dinamarca para transportar al animal de regreso al mar del Norte, pero el 7 de abril esa opci\u00f3n fue descartada al considerarse que la ballena estaba demasiado d\u00e9bil.<\/p>\n<p>Cuando la situaci\u00f3n parec\u00eda sin salida, una iniciativa privada present\u00f3 una \u00faltima propuesta de rescate que inclu\u00eda el izamiento del animal mediante una gr\u00faa de carga. La operaci\u00f3n, realizada este mi\u00e9rcoles, permiti\u00f3 trasladar a la ballena fuera de la zona m\u00e1s cr\u00edtica.<\/p>\n<p>Desde entonces, varias embarcaciones acompa\u00f1an a \"Timmy\" en su desplazamiento. El desenlace, por ahora, sigue abierto.<\/p>\n<h2><strong>Por qu\u00e9 la ballena conmueve a los alemanes <\/strong><\/h2>\n<p>El caso gener\u00f3 <a class=\"internal-link\" href=\"https:\/\/www.dw.com\/es\/en-directo-la-carrera-contra-el-reloj-para-salvar-a-la-ballena-jorobada-del-b%C3%A1ltico\/a-76965535\">un amplio seguimiento en Alemania<\/a> y abri\u00f3 un debate inc\u00f3modo sobre las prioridades de la atenci\u00f3n p\u00fablica. El bi\u00f3logo Christoph Bautz critic\u00f3 en redes sociales el contraste entre la enorme cobertura medi\u00e1tica del rescate y la visibilidad mucho menor de otras crisis humanas. En una l\u00ednea similar, el escritor Frank Sch\u00e4tzing interpret\u00f3 el fen\u00f3meno como una forma de desplazamiento colectivo: durante unos d\u00edas, la historia de un solo animal fue capaz de relegar a un segundo plano guerras, crisis econ\u00f3micas o el cambio clim\u00e1tico.<\/p>\n<p>El caso tambi\u00e9n abri\u00f3 una reflexi\u00f3n m\u00e1s amplia. Sch\u00e4tzing apunt\u00f3 que detr\u00e1s de la intensa reacci\u00f3n p\u00fablica podr\u00eda haber algo m\u00e1s: la sensaci\u00f3n de que son los propios seres humanos quienes dificultan la vida de animales como las grandes ballenas en todo el mundo. Y eso, subrayaba, a pesar de que las poblaciones de ballena jorobada llevan tiempo recuper\u00e1ndose.<\/p>\n<p>La especie, intensamente cazada durante d\u00e9cadas, est\u00e1 protegida a nivel global desde 1966. Seg\u00fan la Uni\u00f3n Internacional para la Conservaci\u00f3n de la Naturaleza, actualmente habitan los oc\u00e9anos unos 60.000 ejemplares.<\/p>\n<figure class=\"placeholder-image master_landscape big\"><img decoding=\"async\" data-format=\"MASTER_LANDSCAPE\" data-id=\"76621926\" data-url=\"https:\/\/static.dw.com\/image\/76621926_$formatId.jpg\" data-aspect-ratio=\"16\/9\" alt=\"A finales de marzo, una multitud se congreg\u00f3 en el muelle de Wismar para ver a &quot;Timmy&quot;: el destino de la ballena conmovi\u00f3 a muchos alemanes.\" src=\"image\/gif;base64,R0lGODlhAQABAAAAACH5BAEKAAEALAAAAAABAAEAAAICTAEAOw==\" \/><figcaption class=\"img-caption\">A finales de marzo, una multitud se congreg\u00f3 en el muelle de Wismar para ver a \"Timmy\": el destino de la ballena conmovi\u00f3 a muchos alemanes.<small class=\"copyright\">Imagen: Bodo Marks\/dpa\/picture alliance<\/small><\/figcaption><\/figure>\n<p>Cuando muchos ya daban por perdido cualquier intento de salvar al animal, una iniciativa privada present\u00f3 un \u00faltimo plan de rescate que, al menos por ahora, parece haber logrado sacarlo de la situaci\u00f3n m\u00e1s cr\u00edtica. Aun as\u00ed, qu\u00e9 le depara a \"Timmy\" en el mar del Norte sigue siendo incierto.<\/p>\n<p>Su destino se convirti\u00f3 en un tema central en redes sociales y en un punto de fricci\u00f3n entre ecologistas, autoridades y distintos grupos de voluntarios. Los especialistas en biolog\u00eda marina coinciden en que las probabilidades de supervivencia de un animal en ese estado son reducidas. Pero, en el caso de \"Timmy\", el debate nunca fue solo cient\u00edfico.<\/p>\n<p>La iniciativa que lidera el rescate planea acompa\u00f1ar al animal lo m\u00e1s lejos posible con embarcaciones. El desenlace, por ahora, sigue abierto.<\/p>\n<p>(few\/ee)<\/p>\n<p>\u00a0<\/p>\n","protected":false},"excerpt":{"rendered":"<p>Una espectacular operaci\u00f3n de rescate puso fin este mi\u00e9rcoles (29.04.2026), de forma provisional, al drama que durante semanas mantuvo en vilo a pol\u00edticos, protectores de animales y medios de comunicaci\u00f3n en Alemania. La ballena jorobada conocida como \"Timmy\" fue izada con una gr\u00faa de carga en la bah\u00eda del mar B\u00e1ltico, frente a la ciudad [&hellip;]<\/p>\n","protected":false},"author":1,"featured_media":26497,"comment_status":"open","ping_status":"open","sticky":false,"template":"","format":"standard","meta":{"amp_status":"","footnotes":""},"categories":[6],"tags":[],"class_list":["post-26496","post","type-post","status-publish","format-standard","has-post-thumbnail","hentry","category-ciencia-y-tecnologia"],"_links":{"self":[{"href":"https:\/\/ermdigital.com\/index.php?rest_route=\/wp\/v2\/posts\/26496","targetHints":{"allow":["GET"]}}],"collection":[{"href":"https:\/\/ermdigital.com\/index.php?rest_route=\/wp\/v2\/posts"}],"about":[{"href":"https:\/\/ermdigital.com\/index.php?rest_route=\/wp\/v2\/types\/post"}],"author":[{"embeddable":true,"href":"https:\/\/ermdigital.com\/index.php?rest_route=\/wp\/v2\/users\/1"}],"replies":[{"embeddable":true,"href":"https:\/\/ermdigital.com\/index.php?rest_route=%2Fwp%2Fv2%2Fcomments&post=26496"}],"version-history":[{"count":0,"href":"https:\/\/ermdigital.com\/index.php?rest_route=\/wp\/v2\/posts\/26496\/revisions"}],"wp:featuredmedia":[{"embeddable":true,"href":"https:\/\/ermdigital.com\/index.php?rest_route=\/wp\/v2\/media\/26497"}],"wp:attachment":[{"href":"https:\/\/ermdigital.com\/index.php?rest_route=%2Fwp%2Fv2%2Fmedia&parent=26496"}],"wp:term":[{"taxonomy":"category","embeddable":true,"href":"https:\/\/ermdigital.com\/index.php?rest_route=%2Fwp%2Fv2%2Fcategories&post=26496"},{"taxonomy":"post_tag","embeddable":true,"href":"https:\/\/ermdigital.com\/index.php?rest_route=%2Fwp%2Fv2%2Ftags&post=26496"}],"curies":[{"name":"wp","href":"https:\/\/api.w.org\/{rel}","templated":true}]}}