{"id":26482,"date":"2026-04-30T07:50:43","date_gmt":"2026-04-30T11:50:43","guid":{"rendered":"https:\/\/ermdigital.com\/?p=26482"},"modified":"2026-04-30T07:50:43","modified_gmt":"2026-04-30T11:50:43","slug":"suspenden-docencia-en-varias-zonas-por-incidencia-de-vaguada","status":"publish","type":"post","link":"https:\/\/ermdigital.com\/?p=26482","title":{"rendered":"Suspenden docencia en varias zonas por incidencia de vaguada"},"content":{"rendered":"<p><strong><em>Redacci\u00f3n.-<\/em><\/strong> El Ministerio de Educaci\u00f3n\u00a0(<a href=\"https:\/\/r.search.yahoo.com\/_ylt=AwrJ_zBqQfNpPQIAJ3lU04lQ;_ylu=Y29sbwNiZjEEcG9zAzEEdnRpZAMEc2VjA3Ny\/RV=2\/RE=1778759274\/RO=10\/RU=https%3A%2F%2Fministeriodeeducacion.gob.do%2F\/RK=2\/RS=ecboBrf4abar_Rj823yskCyXhtM-\" target=\"_blank\" rel=\"noopener\">Minerd<\/a>)\u00a0suspendi\u00f3\u00a0la docencia\u00a0en varias demarcaciones para este jueves en las provincias de<strong><em>\u00a0Montecristi, Santiago Rodr\u00edguez, Valverde y Puerto Plata<\/em><\/strong>\u00a0declaradas en\u00a0alerta roja\u00a0por el\u00a0<strong><em>Centro de Operaciones de Emergencias\u00a0(COE),<\/em><\/strong>\u00a0debido a las fuertes lluvias provocadas por una vaguada asociada a un sistema frontal que est\u00e1 incidiendo en gran parte del pa\u00eds.<\/p>\n<p>La cartera educativa inst\u00f3 a los\u00a0directores regionales, distritales y de centros educativos a mantener\u00a0medidas preventivas\u00a0en las provincias en\u00a0alerta amarilla\u00a0que cuentan con zonas vulnerables, en funci\u00f3n de la evoluci\u00f3n del\u00a0clima.<\/p>\n<h3 class=\"wp-block-heading\"><strong><em>Leer m\u00e1s:\u00a0<a href=\"https:\/\/deultimominuto.net\/el-tiempo\/indomet-advierte-lluvias-intensas-por-vaguada-esta-tarde\/\" data-type=\"post\" data-id=\"642556\">Indomet advierte lluvias intensas por vaguada esta tarde<\/a><\/em><\/strong><\/h3>\n<p>La instituci\u00f3n sostuvo -en una nota de prensa- que estas disposiciones incluyen la evaluaci\u00f3n continua de riesgos, as\u00ed como la potestad para suspender la docencia en \u00e1reas donde las condiciones climatol\u00f3gicas lo ameriten.<\/p>\n<div class=\"wp-block-image\">\n<figure class=\"alignleft size-full\"><img loading=\"lazy\" decoding=\"async\" width=\"587\" height=\"702\" src=\"https:\/\/cdn.deultimominuto.net\/wp-content\/uploads\/2026\/04\/Captura-de-pantalla-2026-04-30-074352-1.jpg\" alt=\"Suspenden docencia en varias zonas por incidencia de vaguada - Noticias de hoy en Rep\u00fablica Dominicana | De \u00daltimo Minuto\" class=\"wp-image-648323\" title=\"Suspenden docencia en varias zonas por incidencia de vaguada | 1 |\"><\/figure>\n<\/div>\n<p>En ese sentido, llam\u00f3 a la comunidad educativa a mantenerse atenta a los boletines oficiales y a seguir las orientaciones de los organismos de protecci\u00f3n civil.<\/p>\n<h2 class=\"wp-block-heading\"><strong><em>El tiempo<\/em><\/strong><\/h2>\n<p>El Instituto Dominicano de Meteorolog\u00eda (<a href=\"https:\/\/indomet.gob.do\/#\" target=\"_blank\" rel=\"noreferrer noopener\">Indomet<\/a>) inform\u00f3 que para este jueves predominar\u00e1n condiciones de nublados acompa\u00f1ados de aguaceros fuertes, tormentas el\u00e9ctricas, r\u00e1fagas de viento intensas y posibles granizadas en distintas localidades del pa\u00eds, mientras se mantienen vigentes los niveles de alerta y avisos meteorol\u00f3gicos.<\/p>\n<p>La entidad explic\u00f3 que estas condiciones est\u00e1n asociadas a la permanencia de una vaguada en varios niveles de la troposfera, combinada con el viento del noreste, lo que estar\u00e1 generando en horas de la ma\u00f1ana algunos aguaceros dispersos sobre el litoral costero del Atl\u00e1ntico.<\/p>\n<p>Indic\u00f3 que en la tarde y primeras horas de la noche se espera una mayor actividad lluviosa, con aguaceros que podr\u00edan ser muy fuertes en ocasiones, acompa\u00f1ados de tormentas el\u00e9ctricas, r\u00e1fagas de viento fuertes de forma local y posibles granizadas. Estas precipitaciones incidir\u00e1n principalmente en provincias del noreste, la llanura Oriental, la Cordillera Central y el valle del Cibao, incluyendo La Altagracia, Hato Mayor, El Seibo, Monte Plata, S\u00e1nchez Ram\u00edrez, Saman\u00e1, el Gran Santo Domingo, La Romana, San Pedro de Macor\u00eds, Monse\u00f1or Nouel y San Crist\u00f3bal.<\/p>\n<p>\u200bRedacci\u00f3n.- El Ministerio de Educaci\u00f3n\u00a0(Minerd)\u00a0suspendi\u00f3\u00a0la docencia\u00a0en varias demarcaciones para este jueves en las provincias de\u00a0Montecristi, Santiago Rodr\u00edguez, Valverde y Puerto Plata\u00a0declaradas en\u00a0alerta roja\u00a0por el\u00a0Centro de Operaciones de Emergencias\u00a0(COE),\u00a0debido a las fuertes lluvias provocadas por una vaguada asociada a un sistema frontal que est\u00e1 incidiendo en gran parte del pa\u00eds. La cartera educativa inst\u00f3 a los\u00a0directores\u00a0\u00a0Nacionales, alerta, COE, INDOMET, Ministerio de Educaci\u00f3n, Suspensi\u00f3n, Vaguada\u00a0\u00a0<\/p>\n","protected":false},"excerpt":{"rendered":"<p>Redacci\u00f3n.- El Ministerio de Educaci\u00f3n\u00a0(Minerd)\u00a0suspendi\u00f3\u00a0la docencia\u00a0en varias demarcaciones para este jueves en las provincias de\u00a0Montecristi, Santiago Rodr\u00edguez, Valverde y Puerto Plata\u00a0declaradas en\u00a0alerta roja\u00a0por el\u00a0Centro de Operaciones de Emergencias\u00a0(COE),\u00a0debido a las fuertes lluvias provocadas por una vaguada asociada a un sistema frontal que est\u00e1 incidiendo en gran parte del pa\u00eds. La cartera educativa inst\u00f3 a los\u00a0directores [&hellip;]<\/p>\n","protected":false},"author":1,"featured_media":26483,"comment_status":"open","ping_status":"open","sticky":false,"template":"","format":"standard","meta":{"amp_status":"","footnotes":""},"categories":[3],"tags":[],"class_list":["post-26482","post","type-post","status-publish","format-standard","has-post-thumbnail","hentry","category-de-ultimo-minuto"],"_links":{"self":[{"href":"https:\/\/ermdigital.com\/index.php?rest_route=\/wp\/v2\/posts\/26482","targetHints":{"allow":["GET"]}}],"collection":[{"href":"https:\/\/ermdigital.com\/index.php?rest_route=\/wp\/v2\/posts"}],"about":[{"href":"https:\/\/ermdigital.com\/index.php?rest_route=\/wp\/v2\/types\/post"}],"author":[{"embeddable":true,"href":"https:\/\/ermdigital.com\/index.php?rest_route=\/wp\/v2\/users\/1"}],"replies":[{"embeddable":true,"href":"https:\/\/ermdigital.com\/index.php?rest_route=%2Fwp%2Fv2%2Fcomments&post=26482"}],"version-history":[{"count":0,"href":"https:\/\/ermdigital.com\/index.php?rest_route=\/wp\/v2\/posts\/26482\/revisions"}],"wp:featuredmedia":[{"embeddable":true,"href":"https:\/\/ermdigital.com\/index.php?rest_route=\/wp\/v2\/media\/26483"}],"wp:attachment":[{"href":"https:\/\/ermdigital.com\/index.php?rest_route=%2Fwp%2Fv2%2Fmedia&parent=26482"}],"wp:term":[{"taxonomy":"category","embeddable":true,"href":"https:\/\/ermdigital.com\/index.php?rest_route=%2Fwp%2Fv2%2Fcategories&post=26482"},{"taxonomy":"post_tag","embeddable":true,"href":"https:\/\/ermdigital.com\/index.php?rest_route=%2Fwp%2Fv2%2Ftags&post=26482"}],"curies":[{"name":"wp","href":"https:\/\/api.w.org\/{rel}","templated":true}]}}