{"id":26474,"date":"2026-04-30T07:17:22","date_gmt":"2026-04-30T11:17:22","guid":{"rendered":"https:\/\/ermdigital.com\/?p=26474"},"modified":"2026-04-30T07:17:22","modified_gmt":"2026-04-30T11:17:22","slug":"medio-ambiente-aclara-valle-nuevo-no-ha-sido-privatizado-y-el-acceso-al-parque-se-mantiene-abierto-al-publico","status":"publish","type":"post","link":"https:\/\/ermdigital.com\/?p=26474","title":{"rendered":"Medio Ambiente aclara: Valle Nuevo no ha sido privatizado y el acceso al parque se mantiene abierto al p\u00fablico"},"content":{"rendered":"<p><strong><em>SANTO DOMINGO. \u2013<\/em><\/strong> El Ministerio de <a href=\"https:\/\/deultimominuto.net\/nacionales\/ministerio-de-medio-ambiente-2\/\" data-type=\"post\" data-id=\"630283\">Medio Ambiente <\/a>y Recursos Naturales aclar\u00f3 que el Parque Nacional Valle Nuevo no ha sido privatizado y que la ciudadan\u00eda puede visitar el \u00e1rea protegida para disfrutar su uso p\u00fablico, pagando 150 pesos por la entrada general, como ha sido la manera habitual.<\/p>\n<p>En cuanto al acceso, la entidad ambiental reiter\u00f3 que los visitantes pueden ingresar, recorrer y disfrutar del parque como se ha hecho tradicionalmente. El pago por servicios de acampada aplica \u00fanicamente para quienes utilizan Jard\u00edn del Ed\u00e9n, la nueva zona habilitada para esos fines.<\/p>\n<h3 class=\"wp-block-heading\"><strong><em>Leer m\u00e1s: <a href=\"https:\/\/deultimominuto.net\/nacionales\/medio-ambiente-firma-acuerdo-de-cooperacion-con-hodelpa-hospitality\/\" data-type=\"post\" data-id=\"641440\">Medio Ambiente firma acuerdo de cooperaci\u00f3n con Hodelpa Hospitality<\/a><\/em><\/strong><\/h3>\n<p>Asimismo, explic\u00f3 que el modelo implementado en esta nueva zona forma parte de una estrategia orientada a organizar la acampada dentro del parque, una actividad que hist\u00f3ricamente se realizaba sin regulaci\u00f3n, generando impactos negativos sobre el ecosistema.<\/p>\n<p>El desarrollo de una zona de acampar controlada es una iniciativa concebida y ejecutada por el propio Ministerio como parte de sus acciones estrat\u00e9gicas para fortalecer el uso p\u00fablico organizado dentro del Sistema Nacional de \u00c1reas Protegidas (SINAP) y garantizar su protecci\u00f3n, bajo el mandato de la Ley Sectorial de \u00c1reas Protegidas (n\u00fam. 202-04).<\/p>\n<p>El proyecto inici\u00f3 en el 2021, a partir de un proceso de evaluaci\u00f3n t\u00e9cnica orientado a habilitar espacios adecuados para actividades recreativas en contacto con la naturaleza, bajo criterios de sostenibilidad, infraestructuras de bajo impacto, educaci\u00f3n ambiental y mecanismos de control dirigidos tanto a la conservaci\u00f3n de los recursos naturales como a la seguridad de los visitantes.<\/p>\n<p>Para la operaci\u00f3n de estos servicios, se implement\u00f3 un modelo de concesi\u00f3n ecotur\u00edstica. Este esquema consiste en la autorizaci\u00f3n que otorga el Estado a un operador para brindar servicios dentro de un espacio delimitado, bajo condiciones estrictas y sin transferencia de propiedad.<\/p>\n<p>El Ministerio precis\u00f3 que el \u00e1rea contin\u00faa siendo p\u00fablica, que est\u00e1 bajo control y supervisi\u00f3n institucional, y que cualquier intervenci\u00f3n que se pretenda realizar est\u00e1 sujeta a su autorizaci\u00f3n previa y al cumplimiento de las normas ambientales, t\u00e9cnicas y legales vigentes.<\/p>\n<p>Agreg\u00f3 que el modelo de gesti\u00f3n aplicado en Jard\u00edn del Ed\u00e9n abarca exclusivamente una zona de uso p\u00fablico previamente definida dentro del \u00e1rea protegida, sin afectar \u00e1reas n\u00facleo ni espacios de alta sensibilidad ecol\u00f3gica.<\/p>\n<p>Este tipo de modelo es utilizado en otras \u00e1reas protegidas del pa\u00eds como parte de los mecanismos para organizar servicios dentro de zonas de uso p\u00fablico. En la actualidad, El SINAP cuenta con unas 35 concesiones ecotur\u00edsticas, dentro de las cuales se encuentran el Parque Nacional Cotubanam\u00e1 (isla Saona), as\u00ed como los monumentos naturales Isla Catalina, Dunas de Las Calderas y Saltos de la Damajagua, entre otras.<\/p>\n<p>Este esquema sustituye un uso desorganizado por un sistema regulado que permite establecer controles, reducir impactos ambientales y mejorar las condiciones en que se desarrolla la actividad. Con esta medida, el Ministerio de Medio Ambiente y Recursos Naturales ordena el uso p\u00fablico dentro del \u00e1rea protegida, fortalece su protecci\u00f3n y garantiza su uso responsable para las presentes y futuras generaciones.<\/p>\n<p>\u200bSANTO DOMINGO. \u2013 El Ministerio de Medio Ambiente y Recursos Naturales aclar\u00f3 que el Parque Nacional Valle Nuevo no ha sido privatizado y que la ciudadan\u00eda puede visitar el \u00e1rea protegida para disfrutar su uso p\u00fablico, pagando 150 pesos por la entrada general, como ha sido la manera habitual. En cuanto al acceso, la entidad\u00a0\u00a0Nacionales, Deultimominuto, ElPeri\u00f3dicodelaVerdad, Medio Ambiente, parque nacional, Rep\u00fablica Dominicana\u00a0\u00a0<\/p>\n","protected":false},"excerpt":{"rendered":"<p>SANTO DOMINGO. \u2013 El Ministerio de Medio Ambiente y Recursos Naturales aclar\u00f3 que el Parque Nacional Valle Nuevo no ha sido privatizado y que la ciudadan\u00eda puede visitar el \u00e1rea protegida para disfrutar su uso p\u00fablico, pagando 150 pesos por la entrada general, como ha sido la manera habitual. En cuanto al acceso, la entidad [&hellip;]<\/p>\n","protected":false},"author":1,"featured_media":26475,"comment_status":"open","ping_status":"open","sticky":false,"template":"","format":"standard","meta":{"amp_status":"","footnotes":""},"categories":[3],"tags":[],"class_list":["post-26474","post","type-post","status-publish","format-standard","has-post-thumbnail","hentry","category-de-ultimo-minuto"],"_links":{"self":[{"href":"https:\/\/ermdigital.com\/index.php?rest_route=\/wp\/v2\/posts\/26474","targetHints":{"allow":["GET"]}}],"collection":[{"href":"https:\/\/ermdigital.com\/index.php?rest_route=\/wp\/v2\/posts"}],"about":[{"href":"https:\/\/ermdigital.com\/index.php?rest_route=\/wp\/v2\/types\/post"}],"author":[{"embeddable":true,"href":"https:\/\/ermdigital.com\/index.php?rest_route=\/wp\/v2\/users\/1"}],"replies":[{"embeddable":true,"href":"https:\/\/ermdigital.com\/index.php?rest_route=%2Fwp%2Fv2%2Fcomments&post=26474"}],"version-history":[{"count":0,"href":"https:\/\/ermdigital.com\/index.php?rest_route=\/wp\/v2\/posts\/26474\/revisions"}],"wp:featuredmedia":[{"embeddable":true,"href":"https:\/\/ermdigital.com\/index.php?rest_route=\/wp\/v2\/media\/26475"}],"wp:attachment":[{"href":"https:\/\/ermdigital.com\/index.php?rest_route=%2Fwp%2Fv2%2Fmedia&parent=26474"}],"wp:term":[{"taxonomy":"category","embeddable":true,"href":"https:\/\/ermdigital.com\/index.php?rest_route=%2Fwp%2Fv2%2Fcategories&post=26474"},{"taxonomy":"post_tag","embeddable":true,"href":"https:\/\/ermdigital.com\/index.php?rest_route=%2Fwp%2Fv2%2Ftags&post=26474"}],"curies":[{"name":"wp","href":"https:\/\/api.w.org\/{rel}","templated":true}]}}