{"id":26470,"date":"2026-04-30T06:00:00","date_gmt":"2026-04-30T10:00:00","guid":{"rendered":"https:\/\/ermdigital.com\/?p=26470"},"modified":"2026-04-30T06:00:00","modified_gmt":"2026-04-30T10:00:00","slug":"efemerides-del-30-de-abril","status":"publish","type":"post","link":"https:\/\/ermdigital.com\/?p=26470","title":{"rendered":"Efem\u00e9rides del 30 de abril"},"content":{"rendered":"<p><strong>Santo Domingo.-<\/strong>\u00a0Las efem\u00e9rides del 30 de\u00a0<strong><a href=\"https:\/\/deultimominuto.net\/estilo\/efemerides\/efemerides-conmemoraciones-y-celebraciones-de-abril\/\">abril<\/a><\/strong>, est\u00e1n marcadas por importantes acontecimientos hist\u00f3ricos y celebraciones internacionales que dejaron huella en la historia mundial. A continuaci\u00f3n, las principales efem\u00e9rides del 30 de abril:<\/p>\n<ul class=\"wp-block-list\">\n<li>D\u00eda Internacional del Jazz.<\/li>\n<li>D\u00eda Internacional de Concienciaci\u00f3n sobre el Ruido.<\/li>\n<\/ul>\n<p><strong>Santoral:<\/strong>\u00a0Santos Indalecio y P\u00edo V.<\/p>\n<h2 class=\"wp-block-heading\"><strong>Nacional: Efem\u00e9rides del 30 de abril<\/strong><\/h2>\n<ul class=\"wp-block-list\">\n<li>1508: Fray Nicol\u00e1s de Ovando recibe orden de construir iglesias en la isla Espa\u00f1ola.<\/li>\n<li>1845: Creaci\u00f3n de los ayuntamientos mediante la Ley No. 32.<\/li>\n<li>1855: Comisi\u00f3n militar condena a muerte a Francisco Ruiz, Pedro Eugenio Pelletier y Joaqu\u00edn Aybar.<\/li>\n<li>1897: Rafael Garc\u00eda Mart\u00ednez propone declarar oficial el Himno Nacional.<\/li>\n<li>1959: El capit\u00e1n piloto Juan de Dios Ventura Sim\u00f3 se asila en Puerto Rico.<\/li>\n<li>1965: Inicia operaci\u00f3n de paracaidistas y marines estadounidenses en Santo Domingo.<\/li>\n<li>1968: Joaqu\u00edn Balaguer firma pr\u00e9stamo con el<strong><a href=\"https:\/\/www.iadb.org\/es\" data-type=\"link\" data-id=\"https:\/\/www.iadb.org\/es\" target=\"_blank\" rel=\"noopener\"> BID<\/a><\/strong> y AID para construir la Presa de Tavera.<\/li>\n<li>1970: Debut de Tom\u00e1s Silverio en Grandes Ligas con los Angeles Angels.<\/li>\n<li>1973: Juan Bosch sale de la clandestinidad tras persecuci\u00f3n del gobierno.<\/li>\n<li>1987: Salvador Jorge Blanco sufre crisis tras orden de prisi\u00f3n en su contra.<\/li>\n<li>2014: Asesinato del rapero Leonardo Michael Flores Ozuna (Monkey Black) en Espa\u00f1a.<\/li>\n<li>2018: RD establece relaciones diplom\u00e1ticas con China Popular.<\/li>\n<li>2023: PRM informa haber inscrito 350,000 nuevos militantes como parte del Plan Nacional de Crecimiento.<\/li>\n<\/ul>\n<h2 class=\"wp-block-heading\"><strong>Internacionales: Efem\u00e9rides del 30 de abril<\/strong><\/h2>\n<ul class=\"wp-block-list\">\n<li>1492: Reyes Cat\u00f3licos ordenan que las naves de Palos sirvan a Crist\u00f3bal Col\u00f3n.<\/li>\n<li>1789: George Washington asume como primer presidente de EE.UU.<\/li>\n<li>1803: EE.UU. compra Luisiana a Francia.<\/li>\n<li>1810: Jos\u00e9 Mar\u00eda Morelos vence en la Batalla del Cerro Veladero.<\/li>\n<li>1838: Nicaragua proclama su segunda independencia.<\/li>\n<li>1941: Alemania concluye conquista de Grecia.<\/li>\n<li>1945: Adolfo Hitler se suicida en Berl\u00edn.<\/li>\n<li>1975: Ca\u00edda de Saig\u00f3n ante tropas norvietnamitas.<\/li>\n<li>1984: 350 muertos en Espa\u00f1a por s\u00edndrome t\u00f3xico.<\/li>\n<li>1992: Golpe militar en Sierra Leona.<\/li>\n<li>1992: Estalla granada frente a casa natal del Che Guevara.<\/li>\n<li>1993: Apunalamiento de Steffi Graf en Hamburgo.<\/li>\n<li>1999: Golpe de Estado en Comores.<\/li>\n<li>2008: Ch\u00e1vez renacionaliza Sidor en Venezuela.<\/li>\n<li>2013: Guillermo-Alejandro se convierte en rey de los Pa\u00edses Bajos.<\/li>\n<li>2015: Corea del Sur informa ejecuci\u00f3n del ministro de Defensa de Corea del Norte.<\/li>\n<li>2018: Atentados en Afganist\u00e1n dejan 37 muertos, incluidos periodistas.<\/li>\n<li>2018: Nueva denuncia por corrupci\u00f3n contra Lula da Silva.<\/li>\n<li>2018: Intento fallido de golpe de Estado en Venezuela liderado por Juan Guaid\u00f3.<\/li>\n<li>2019: Se repite jornada de disturbios y enfrentamientos en Venezuela.<\/li>\n<\/ul>\n<h2 class=\"wp-block-heading\"><strong>Nacimientos: Efem\u00e9rides del 30 de abril<\/strong><\/h2>\n<div class=\"wp-block-image\">\n<figure class=\"alignright size-full is-resized\"><img loading=\"lazy\" decoding=\"async\" width=\"350\" height=\"520\" src=\"https:\/\/cdn.deultimominuto.net\/wp-content\/uploads\/2025\/04\/Efemerides-del-30-de-abril-1.jpg\" alt=\"Efem\u00e9rides del 30 de abril - Noticias de hoy en Rep\u00fablica Dominicana | De \u00daltimo Minuto\" class=\"wp-image-469776\" title=\"Efem\u00e9rides del 30 de abril | 1 |\"><figcaption class=\"wp-element-caption\">Juan Bautista de La Salle<\/figcaption><\/figure>\n<\/div>\n<ul class=\"wp-block-list\">\n<li>1651: Juan Bautista de La Salle, religioso franc\u00e9s, canonizado por la Iglesia cat\u00f3lica.<\/li>\n<li>1920: Tom Moore, militar y veterano de guerra brit\u00e1nico.<\/li>\n<li>1949: Ant\u00f3nio Guterres, pol\u00edtico e ingeniero f\u00edsico portugu\u00e9s, secretario general de la ONU desde 2016.<\/li>\n<li>1985: Gal Gadot, actriz israel\u00ed y Miss Israel.<\/li>\n<li>2002: Miguel Urdangarin y Borb\u00f3n, tercer hijo de la Infanta Cristina, quinto nieto de los Reyes de Espa\u00f1a.<\/li>\n<\/ul>\n<h2 class=\"wp-block-heading\"><strong>Fallecimientos: Efem\u00e9rides del 30 de abril<\/strong><\/h2>\n<div class=\"wp-block-image\">\n<figure class=\"alignright size-large is-resized\"><img loading=\"lazy\" decoding=\"async\" width=\"777\" height=\"1024\" src=\"https:\/\/cdn.deultimominuto.net\/wp-content\/uploads\/2025\/04\/Efemerides-del-30-de-abril-777x1024.jpg\" alt=\"Efem\u00e9rides del 30 de abril - Noticias de hoy en Rep\u00fablica Dominicana | De \u00daltimo Minuto\" class=\"wp-image-469775\" title=\"Efem\u00e9rides del 30 de abril | 2 |\"><figcaption class=\"wp-element-caption\"> Adolf Hitler<\/figcaption><\/figure>\n<\/div>\n<ul class=\"wp-block-list\">\n<li>1945: Adolf Hitler, militar y pol\u00edtico alem\u00e1n, f\u00fchrer y canciller de Alemania entre 1934 y 1945<\/li>\n<li>2014: Leonardo Michael Flores Ozuna (Monkey Black), asesinado en Espa\u00f1a.<\/li>\n<li>2015: Hyon Yong-chol, ministro de Defensa de Corea del Norte, ejecutado (informado por Corea del Sur).<\/li>\n<li>2021: Ray Reyes, cantante puertorrique\u00f1o, integrante de grupo Menudo<\/li>\n<\/ul>\n<p>\u200bSanto Domingo.-\u00a0Las efem\u00e9rides del 30 de\u00a0abril, est\u00e1n marcadas por importantes acontecimientos hist\u00f3ricos y celebraciones internacionales que dejaron huella en la historia mundial. A continuaci\u00f3n, las principales efem\u00e9rides del 30 de abril: Santoral:\u00a0Santos Indalecio y P\u00edo V. Nacional: Efem\u00e9rides del 30 de abril Internacionales: Efem\u00e9rides del 30 de abril Nacimientos: Efem\u00e9rides del 30 de abril Fallecimientos:\u00a0\u00a0Efem\u00e9rides, efem\u00e9rides, Rep\u00fablica Dominicana\u00a0\u00a0<\/p>\n","protected":false},"excerpt":{"rendered":"<p>Santo Domingo.-\u00a0Las efem\u00e9rides del 30 de\u00a0abril, est\u00e1n marcadas por importantes acontecimientos hist\u00f3ricos y celebraciones internacionales que dejaron huella en la historia mundial. A continuaci\u00f3n, las principales efem\u00e9rides del 30 de abril: D\u00eda Internacional del Jazz. D\u00eda Internacional de Concienciaci\u00f3n sobre el Ruido. Santoral:\u00a0Santos Indalecio y P\u00edo V. Nacional: Efem\u00e9rides del 30 de abril 1508: Fray [&hellip;]<\/p>\n","protected":false},"author":1,"featured_media":26471,"comment_status":"open","ping_status":"open","sticky":false,"template":"","format":"standard","meta":{"amp_status":"","footnotes":""},"categories":[3],"tags":[],"class_list":["post-26470","post","type-post","status-publish","format-standard","has-post-thumbnail","hentry","category-de-ultimo-minuto"],"_links":{"self":[{"href":"https:\/\/ermdigital.com\/index.php?rest_route=\/wp\/v2\/posts\/26470","targetHints":{"allow":["GET"]}}],"collection":[{"href":"https:\/\/ermdigital.com\/index.php?rest_route=\/wp\/v2\/posts"}],"about":[{"href":"https:\/\/ermdigital.com\/index.php?rest_route=\/wp\/v2\/types\/post"}],"author":[{"embeddable":true,"href":"https:\/\/ermdigital.com\/index.php?rest_route=\/wp\/v2\/users\/1"}],"replies":[{"embeddable":true,"href":"https:\/\/ermdigital.com\/index.php?rest_route=%2Fwp%2Fv2%2Fcomments&post=26470"}],"version-history":[{"count":0,"href":"https:\/\/ermdigital.com\/index.php?rest_route=\/wp\/v2\/posts\/26470\/revisions"}],"wp:featuredmedia":[{"embeddable":true,"href":"https:\/\/ermdigital.com\/index.php?rest_route=\/wp\/v2\/media\/26471"}],"wp:attachment":[{"href":"https:\/\/ermdigital.com\/index.php?rest_route=%2Fwp%2Fv2%2Fmedia&parent=26470"}],"wp:term":[{"taxonomy":"category","embeddable":true,"href":"https:\/\/ermdigital.com\/index.php?rest_route=%2Fwp%2Fv2%2Fcategories&post=26470"},{"taxonomy":"post_tag","embeddable":true,"href":"https:\/\/ermdigital.com\/index.php?rest_route=%2Fwp%2Fv2%2Ftags&post=26470"}],"curies":[{"name":"wp","href":"https:\/\/api.w.org\/{rel}","templated":true}]}}