{"id":26468,"date":"2026-04-30T06:20:00","date_gmt":"2026-04-30T10:20:00","guid":{"rendered":"https:\/\/ermdigital.com\/?p=26468"},"modified":"2026-04-30T06:20:00","modified_gmt":"2026-04-30T10:20:00","slug":"30-de-abril-dia-internacional-del-jazz","status":"publish","type":"post","link":"https:\/\/ermdigital.com\/?p=26468","title":{"rendered":"30 de abril: D\u00eda Internacional del Jazz"},"content":{"rendered":"<p>Cada 30 de abril se rinde homenaje a uno de los g\u00e9neros musicales m\u00e1s influyentes de todos los tiempos, El D\u00eda Internacional del Jazz. Desde sus ra\u00edces hasta su expansi\u00f3n global, el jazz ha cautivado corazones y mentes, trascendiendo fronteras culturales y uniendo a personas de diferentes or\u00edgenes en una armon\u00eda \u00fanica seg\u00fan sus fan\u00e1ticos. <\/p>\n<p>El jazz, nacido en las comunidades afroamericanas de Nueva Orleans a finales del siglo XIX, evolucion\u00f3 a lo largo de los a\u00f1os, fusionando elementos de diversas tradiciones musicales y reflejando la rica diversidad del mundo. Desde el swing contagioso de los a\u00f1os 20 hasta las complejas improvisaciones del jazz contempor\u00e1neo, este g\u00e9nero musical ha sido un faro de creatividad, expresi\u00f3n y libertad art\u00edstica.<\/p>\n<p>En este D\u00eda Internacional del Jazz, se organizan eventos y conciertos en todo el mundo para celebrar su legado. Desde escenarios ic\u00f3nicos como el Lincoln Center en Nueva York hasta clubes de jazz locales en ciudades de todo el globo, m\u00fasicos y aficionados se re\u00fanen para compartir su amor por esta forma de arte \u00fanica.<\/p>\n<h3 class=\"wp-block-heading\"><strong>En el D\u00eda internacional del jazz<\/strong><\/h3>\n<p>Sin embargo, m\u00e1s all\u00e1 de la m\u00fasica, el D\u00eda Internacional del Jazz tambi\u00e9n sirve como una plataforma para promover la paz, el di\u00e1logo intercultural y la cooperaci\u00f3n entre los pueblos. En un mundo marcado por divisiones y conflictos, el jazz act\u00faa como un puente que conecta a personas de diferentes culturas y experiencias, record\u00e1ndonos nuestra humanidad compartida y nuestra capacidad para encontrar armon\u00eda incluso en medio de la diversidad.<\/p>\n<p><strong>Te puede interesar: <a href=\"https:\/\/deultimominuto.net\/se-entrega-a-la-policia-joven-buscado-por-herir-de-bala-a-una-persona-en-su-residencia-en-santiago\/\"><\/a><a href=\"https:\/\/deultimominuto.net\/nacionales\/el-disco-de-jazz-en-cuando-promete-deleitar-a-amantes-del-jazz-segun-gus-rodriguez\/\">El Disco \u201cDe jazz en cuando\u201d promete deleitar a amantes del jazz, seg\u00fan Gus Rodr\u00edguez<\/a><\/strong><\/p>\n<p>En palabras de Herbie Hancock, embajador de buena voluntad de la UNESCO para el di\u00e1logo intercultural y presidente del Instituto de Jazz Thelonious Monk: \"El jazz tiene la capacidad \u00fanica de unir a las personas y fomentar la paz, el di\u00e1logo y la comprensi\u00f3n entre las culturas. En este d\u00eda, reflexionemos sobre el poder transformador de la m\u00fasica y compromet\u00e1monos a construir un mundo m\u00e1s unido y compasivo a trav\u00e9s del arte\".<\/p>\n<p>En \u00faltima instancia, el D\u00eda Internacional del Jazz nos invita a celebrar no solo la m\u00fasica en s\u00ed, sino tambi\u00e9n los valores de libertad, creatividad y colaboraci\u00f3n que encarna. Mientras nos sumergimos en los sonidos inconfundibles del jazz, recordemos su capacidad para inspirarnos, emocionarnos y unirnos en una comunidad global de amantes de la m\u00fasica.<\/p>\n<p>\u200bCada 30 de abril se rinde homenaje a uno de los g\u00e9neros musicales m\u00e1s influyentes de todos los tiempos, El D\u00eda Internacional del Jazz. Desde sus ra\u00edces hasta su expansi\u00f3n global, el jazz ha cautivado corazones y mentes, trascendiendo fronteras culturales y uniendo a personas de diferentes or\u00edgenes en una armon\u00eda \u00fanica seg\u00fan sus fan\u00e1ticos.\u00a0\u00a0Efem\u00e9rides, efem\u00e9rides, Jazz\u00a0\u00a0<\/p>\n","protected":false},"excerpt":{"rendered":"<p>Cada 30 de abril se rinde homenaje a uno de los g\u00e9neros musicales m\u00e1s influyentes de todos los tiempos, El D\u00eda Internacional del Jazz. Desde sus ra\u00edces hasta su expansi\u00f3n global, el jazz ha cautivado corazones y mentes, trascendiendo fronteras culturales y uniendo a personas de diferentes or\u00edgenes en una armon\u00eda \u00fanica seg\u00fan sus fan\u00e1ticos. [&hellip;]<\/p>\n","protected":false},"author":1,"featured_media":26469,"comment_status":"open","ping_status":"open","sticky":false,"template":"","format":"standard","meta":{"amp_status":"","footnotes":""},"categories":[3],"tags":[],"class_list":["post-26468","post","type-post","status-publish","format-standard","has-post-thumbnail","hentry","category-de-ultimo-minuto"],"_links":{"self":[{"href":"https:\/\/ermdigital.com\/index.php?rest_route=\/wp\/v2\/posts\/26468","targetHints":{"allow":["GET"]}}],"collection":[{"href":"https:\/\/ermdigital.com\/index.php?rest_route=\/wp\/v2\/posts"}],"about":[{"href":"https:\/\/ermdigital.com\/index.php?rest_route=\/wp\/v2\/types\/post"}],"author":[{"embeddable":true,"href":"https:\/\/ermdigital.com\/index.php?rest_route=\/wp\/v2\/users\/1"}],"replies":[{"embeddable":true,"href":"https:\/\/ermdigital.com\/index.php?rest_route=%2Fwp%2Fv2%2Fcomments&post=26468"}],"version-history":[{"count":0,"href":"https:\/\/ermdigital.com\/index.php?rest_route=\/wp\/v2\/posts\/26468\/revisions"}],"wp:featuredmedia":[{"embeddable":true,"href":"https:\/\/ermdigital.com\/index.php?rest_route=\/wp\/v2\/media\/26469"}],"wp:attachment":[{"href":"https:\/\/ermdigital.com\/index.php?rest_route=%2Fwp%2Fv2%2Fmedia&parent=26468"}],"wp:term":[{"taxonomy":"category","embeddable":true,"href":"https:\/\/ermdigital.com\/index.php?rest_route=%2Fwp%2Fv2%2Fcategories&post=26468"},{"taxonomy":"post_tag","embeddable":true,"href":"https:\/\/ermdigital.com\/index.php?rest_route=%2Fwp%2Fv2%2Ftags&post=26468"}],"curies":[{"name":"wp","href":"https:\/\/api.w.org\/{rel}","templated":true}]}}