{"id":26457,"date":"2026-04-30T02:21:47","date_gmt":"2026-04-30T06:21:47","guid":{"rendered":"https:\/\/ermdigital.com\/?p=26457"},"modified":"2026-04-30T02:21:47","modified_gmt":"2026-04-30T06:21:47","slug":"en-san-francisco-esperan-por-el-bate-de-devers","status":"publish","type":"post","link":"https:\/\/ermdigital.com\/?p=26457","title":{"rendered":"En San Francisco esperan por el bate de Devers"},"content":{"rendered":"<p>\u00a0\u00a0<\/p>\n<p>El <strong>despido de Alex Cora<\/strong> por los <strong>Red Sox<\/strong> hizo mirar a muchos hacia el lejano San Francisco para encontrar comparaci\u00f3n en c\u00f3mo le va a <strong>Rafael Devers<\/strong>, casi 11 meses despu\u00e9s de que <strong>problemas de comunicaci\u00f3n<\/strong> entre ambos terminara la relaci\u00f3n entre el toletero y Boston.<\/p>\n<p>El arranque con el madero de Devers no ayuda a buscar puntos que conecten con lo que se vive en el Fenway Park. El ahora <strong>inicialista\/DH de los Gigantes<\/strong> atraviesa una <strong>crisis de confianza<\/strong> y precisi\u00f3n, incapaz de conectar pitcheos que dominaba f\u00e1cil.<\/p>\n<p>Los Gigantes, con <strong>r\u00e9cord de 13-16<\/strong> hasta el mi\u00e9rcoles, est\u00e1n fuera de los puestos de relevancia. Sin embargo, m\u00e1s all\u00e1 del balance colectivo, la mayor <strong>preocupaci\u00f3n en la Bah\u00eda<\/strong> tiene nombre y apellido: <strong>Rafael Devers<\/strong>. El de Saman\u00e1, cuya llegada despert\u00f3 expectativas de playoffs, est\u00e1 sumergido en un <strong>bache ofensivo<\/strong> que desaf\u00eda la l\u00f3gica de su talento.<\/p>\n<p>Con una l\u00ednea ofensiva de .211\/.250\/.298 y la alarmante cifra de <strong>37 ponches<\/strong> en apenas 29 juegos, Devers parece una sombra del bateador que aterrorizaba a la Liga Americana. Lo m\u00e1s inquietante no es solo la falta de resultados, sino la forma en que est\u00e1 fallando. <strong>Mike Krukow<\/strong>, comentarista de los Gigantes, fue tajante al se\u00f1alar que los lanzadores rivales le han perdido el respeto al \"Carita\".<\/p>\n<p>Solo lleva <strong>seis extrabases<\/strong> (2 jonrones) y 10 remolques. De acuerdo a <strong>Baseball-Reference<\/strong>, Devers acumula -0.9 victorias sobre nivel reemplazo, el peor de toda la <strong>MLB<\/strong> en un equipo donde tampoco Willy Adames ha prendido. El torpedero de Santiago tiene un OPS de .610 y su OPS+ cae a 73, sin jonr\u00f3n y batea para un pobre .202.<\/p>\n<div class=\"w-full pt-2 float-left inside-related\"><strong>RELACIONADAS<\/strong><\/p>\n<article class=\"flex flex-wrap border-b pb-4 mb-3 inline-block\">\n<div class=\"xl:w-2\/12 w-4\/12\">\n<figure class=\"mb-0\"><img loading=\"lazy\" decoding=\"async\" src=\"https:\/\/resources.diariolibre.com\/images\/2026\/02\/19\/juan-soto-y-rafael-devers-candidatos-a-jugador-mas-valioso-34e7f6b0-focus-min0.02-0.55-149-99.jpg\" width=\"149\" height=\"99\" title=\"Juan Soto y Rafael Devers candidatos a Jugador M\u00e1s Valioso en la Liga Nacional\" alt=\"Juan Soto y Rafael Devers candidatos a Jugador M\u00e1s Valioso en la Liga Nacional\" class=\"object-cover\" \/><\/figure>\n<\/div>\n<\/article>\n<\/div>\n<p>La mayor debilidad de Devers este a\u00f1o ha sido, sorpresivamente, la <strong>recta de cuatro costuras<\/strong>. Hist\u00f3ricamente un destructor de velocidad, ahora batea un an\u00e9mico .162 contra este pitcheo, con <strong>22 ponches<\/strong> en 37 turnos frente a la recta.\u00a0<\/p>\n<ul class=\"list-text\">\n<li>El hecho de que Devers no est\u00e9 ni siquiera rozando la pelota para fouls indica un <strong>problema de timing<\/strong> o una <strong>descoordinaci\u00f3n mec\u00e1nica<\/strong> que los rivales est\u00e1n explotando sin piedad.<\/li>\n<\/ul>\n<p>A pesar del pesimismo, la historia reciente ofrece un consuelo. En 2025, Devers tambi\u00e9n tuvo un <strong>inicio g\u00e9lido<\/strong> con un promedio de .194 en sus primeros 27 juegos. Logr\u00f3 ajustar su swing para terminar la campa\u00f1a con <strong>33 cuadrangulares<\/strong> y 95 remolcadas.<\/p>\n<p>El <strong>\u00e9xito de los Gigantes<\/strong> en 2026 depende directamente de que Devers encuentre ese ajuste una vez m\u00e1s. Si logra recuperar la vista sobre la recta, San Francisco tendr\u00e1 la pieza central necesaria para revertir su r\u00e9cord y pelear por un lugar en octubre.\u00a0<\/p>\n<div class=\"border-t border-b py-2 my-5 tags-container\"><strong>TEMAS &#8211; <\/strong><\/p>\n<ul>\n<li><\/li>\n<li>\n<div class=\"inline-block border p-2 rounded-full align-middle\">\n<p><a href=\"https:\/\/www.diariolibre.com\/tags\/rafael-devers\/11094\" title=\"Rafael Devers\">Rafael Devers<\/a><\/p>\n<\/div>\n<\/li>\n<li>\n<div class=\"inline-block border p-2 rounded-full align-middle\">\n<p><a href=\"https:\/\/www.diariolibre.com\/tags\/gigantes-de-san-francisco\/2788\" title=\"Gigantes de San Francisco\">Gigantes de San Francisco<\/a><\/p>\n<\/div>\n<\/li>\n<li>\n<div class=\"inline-block border p-2 rounded-full align-middle\">\n<p><a href=\"https:\/\/www.diariolibre.com\/tags\/medias-rojas-de-boston\/7091\" title=\"Medias Rojas de Boston\">Medias Rojas de Boston<\/a><\/p>\n<\/div>\n<\/li>\n<\/ul>\n<\/div>\n<p>\u00a0<\/p>\n","protected":false},"excerpt":{"rendered":"<p>\u00a0\u00a0 El despido de Alex Cora por los Red Sox hizo mirar a muchos hacia el lejano San Francisco para encontrar comparaci\u00f3n en c\u00f3mo le va a Rafael Devers, casi 11 meses despu\u00e9s de que problemas de comunicaci\u00f3n entre ambos terminara la relaci\u00f3n entre el toletero y Boston. El arranque con el madero de Devers [&hellip;]<\/p>\n","protected":false},"author":1,"featured_media":26458,"comment_status":"open","ping_status":"open","sticky":false,"template":"","format":"standard","meta":{"amp_status":"","footnotes":""},"categories":[4],"tags":[],"class_list":["post-26457","post","type-post","status-publish","format-standard","has-post-thumbnail","hentry","category-deportes"],"_links":{"self":[{"href":"https:\/\/ermdigital.com\/index.php?rest_route=\/wp\/v2\/posts\/26457","targetHints":{"allow":["GET"]}}],"collection":[{"href":"https:\/\/ermdigital.com\/index.php?rest_route=\/wp\/v2\/posts"}],"about":[{"href":"https:\/\/ermdigital.com\/index.php?rest_route=\/wp\/v2\/types\/post"}],"author":[{"embeddable":true,"href":"https:\/\/ermdigital.com\/index.php?rest_route=\/wp\/v2\/users\/1"}],"replies":[{"embeddable":true,"href":"https:\/\/ermdigital.com\/index.php?rest_route=%2Fwp%2Fv2%2Fcomments&post=26457"}],"version-history":[{"count":0,"href":"https:\/\/ermdigital.com\/index.php?rest_route=\/wp\/v2\/posts\/26457\/revisions"}],"wp:featuredmedia":[{"embeddable":true,"href":"https:\/\/ermdigital.com\/index.php?rest_route=\/wp\/v2\/media\/26458"}],"wp:attachment":[{"href":"https:\/\/ermdigital.com\/index.php?rest_route=%2Fwp%2Fv2%2Fmedia&parent=26457"}],"wp:term":[{"taxonomy":"category","embeddable":true,"href":"https:\/\/ermdigital.com\/index.php?rest_route=%2Fwp%2Fv2%2Fcategories&post=26457"},{"taxonomy":"post_tag","embeddable":true,"href":"https:\/\/ermdigital.com\/index.php?rest_route=%2Fwp%2Fv2%2Ftags&post=26457"}],"curies":[{"name":"wp","href":"https:\/\/api.w.org\/{rel}","templated":true}]}}