{"id":26454,"date":"2026-04-30T01:21:55","date_gmt":"2026-04-30T05:21:55","guid":{"rendered":"https:\/\/ermdigital.com\/?p=26454"},"modified":"2026-04-30T01:21:55","modified_gmt":"2026-04-30T05:21:55","slug":"jack-draper-es-baja-por-lesion-para-roland-garros","status":"publish","type":"post","link":"https:\/\/ermdigital.com\/?p=26454","title":{"rendered":"Jack Draper es baja por lesi\u00f3n para Roland Garros"},"content":{"rendered":"<p>\u00a0\u00a0<\/p>\n<p>El brit\u00e1nico<strong> Jack Draper<\/strong>, exn\u00famero cuatro del mundo que ocupa actualmente el puesto 28 del ranking de la ATP, se declar\u00f3 este jueves baja para <strong>Roland Garros<\/strong> por una lesi\u00f3n de rodilla.<\/p>\n<p>El tenista de 24 a\u00f1os, que gan\u00f3 el<strong> Masters 1000 <\/strong>de Indian Wells en 2025, sufre un nuevo frenazo en su carrera, despu\u00e9s de que problemas en un brazo le tuvieran apartado de las canchas casi ocho meses.<\/p>\n<p>Draper solo pudo jugar <strong>nueve partidos<\/strong>, repartidos en cinco torneos, desde su reaparici\u00f3n de esa lesi\u00f3n en febrero, hasta que se volvi\u00f3 a lesionar en la primera ronda del torneo de Barcelona, a principios de este mes ante el argentino Tom\u00e1s Etcheverry.<\/p>\n<div class=\"w-full pt-2 float-left inside-related\"><strong>RELACIONADAS<\/strong><\/p>\n<article class=\"flex flex-wrap border-b pb-4 mb-3 inline-block\">\n<div class=\"xl:w-2\/12 w-4\/12\">\n<figure class=\"mb-0\"><img loading=\"lazy\" decoding=\"async\" src=\"https:\/\/resources.diariolibre.com\/images\/2026\/03\/31\/tennis-770x513-8c65506b-focus-0.03-0.16-149-99.jpg\" width=\"149\" height=\"99\" title=\"Tres nuevas suspensiones en el tenis por arreglo de partidos y falta de cooperaci\u00f3n\" alt=\"Tres nuevas suspensiones en el tenis por arreglo de partidos y falta de cooperaci\u00f3n\" class=\"object-cover\" \/><\/figure>\n<\/div>\n<\/article>\n<article class=\"flex flex-wrap border-b pb-4 mb-3 inline-block\">\n<div class=\"xl:w-2\/12 w-4\/12\">\n<figure class=\"mb-0\"><img loading=\"lazy\" decoding=\"async\" src=\"https:\/\/resources.diariolibre.com\/images\/2026\/02\/15\/atp-fritz-y-shelton-chocaran-en-la-final-del-abierto-de-dallas-9f51a0fb-focus-0.01-0.54-149-99.jpg\" width=\"149\" height=\"99\" title=\"Fritz y Shelton chocar\u00e1n en la final del Abierto de Dallas de tenis\" alt=\"Fritz y Shelton chocar\u00e1n en la final del Abierto de Dallas de tenis\" class=\"object-cover\" \/><\/figure>\n<\/div>\n<\/article>\n<\/div>\n<ul class=\"list-text\">\n<li>La prioridad de Draper ser\u00eda no arriesgar en lo que queda de temporada de tierra batida para estar en forma para la de c\u00e9sped y especialmente Wimbledon, el <strong>Grand Slam<\/strong> que se disputa en su pa\u00eds y que comienza el 29 de junio.<\/li>\n<\/ul>\n<div class=\"border-t border-b py-2 my-5 tags-container\"><strong>TEMAS &#8211; <\/strong><\/p>\n<ul>\n<li>\n<div class=\"inline-block border p-2 rounded-full align-middle\">\n<p><a href=\"https:\/\/www.diariolibre.com\/tags\/jack-draper\/107286\" title=\"Jack Draper\">Jack Draper<\/a><\/p>\n<\/div>\n<\/li>\n<li>\n<div class=\"inline-block border p-2 rounded-full align-middle\">\n<p><a href=\"https:\/\/www.diariolibre.com\/tags\/roland-garros\/4215\" title=\"Roland Garros\">Roland Garros<\/a><\/p>\n<\/div>\n<\/li>\n<\/ul>\n<\/div>\n<p>\u00a0<\/p>\n","protected":false},"excerpt":{"rendered":"<p>\u00a0\u00a0 El brit\u00e1nico Jack Draper, exn\u00famero cuatro del mundo que ocupa actualmente el puesto 28 del ranking de la ATP, se declar\u00f3 este jueves baja para Roland Garros por una lesi\u00f3n de rodilla. El tenista de 24 a\u00f1os, que gan\u00f3 el Masters 1000 de Indian Wells en 2025, sufre un nuevo frenazo en su carrera, [&hellip;]<\/p>\n","protected":false},"author":1,"featured_media":26284,"comment_status":"open","ping_status":"open","sticky":false,"template":"","format":"standard","meta":{"amp_status":"","footnotes":""},"categories":[4],"tags":[],"class_list":["post-26454","post","type-post","status-publish","format-standard","has-post-thumbnail","hentry","category-deportes"],"_links":{"self":[{"href":"https:\/\/ermdigital.com\/index.php?rest_route=\/wp\/v2\/posts\/26454","targetHints":{"allow":["GET"]}}],"collection":[{"href":"https:\/\/ermdigital.com\/index.php?rest_route=\/wp\/v2\/posts"}],"about":[{"href":"https:\/\/ermdigital.com\/index.php?rest_route=\/wp\/v2\/types\/post"}],"author":[{"embeddable":true,"href":"https:\/\/ermdigital.com\/index.php?rest_route=\/wp\/v2\/users\/1"}],"replies":[{"embeddable":true,"href":"https:\/\/ermdigital.com\/index.php?rest_route=%2Fwp%2Fv2%2Fcomments&post=26454"}],"version-history":[{"count":0,"href":"https:\/\/ermdigital.com\/index.php?rest_route=\/wp\/v2\/posts\/26454\/revisions"}],"wp:featuredmedia":[{"embeddable":true,"href":"https:\/\/ermdigital.com\/index.php?rest_route=\/wp\/v2\/media\/26284"}],"wp:attachment":[{"href":"https:\/\/ermdigital.com\/index.php?rest_route=%2Fwp%2Fv2%2Fmedia&parent=26454"}],"wp:term":[{"taxonomy":"category","embeddable":true,"href":"https:\/\/ermdigital.com\/index.php?rest_route=%2Fwp%2Fv2%2Fcategories&post=26454"},{"taxonomy":"post_tag","embeddable":true,"href":"https:\/\/ermdigital.com\/index.php?rest_route=%2Fwp%2Fv2%2Ftags&post=26454"}],"curies":[{"name":"wp","href":"https:\/\/api.w.org\/{rel}","templated":true}]}}