{"id":26422,"date":"2026-04-30T00:03:58","date_gmt":"2026-04-30T04:03:58","guid":{"rendered":"https:\/\/ermdigital.com\/?p=26422"},"modified":"2026-04-30T00:03:58","modified_gmt":"2026-04-30T04:03:58","slug":"una-republica-dominicana-mas-equitativa-y-sostenible","status":"publish","type":"post","link":"https:\/\/ermdigital.com\/?p=26422","title":{"rendered":"Una Rep\u00fablica Dominicana m\u00e1s equitativa y sostenible"},"content":{"rendered":"<p>\u200b<\/p>\n<p>Rep\u00fablica Dominicana enfrenta un desaf\u00edo crucial: equilibrar el desarrollo entre la capital y las provincias. Aunque el pa\u00eds ha mostrado avances econ\u00f3micos significativos, con un crecimiento de 2.1% en 2025 y una proyecci\u00f3n de 3.5% a 4.0% para 2026, muchas comunidades a\u00fan esperan que ese progreso se traduzca en mejoras concretas en su calidad de vida. Para lograrlo, las pol\u00edticas p\u00fablico-privadas emergen como una herramienta clave.<\/p>\n<p>Seg\u00fan reporta el Banco Central, las cifras preliminares del indicador mensual de actividad econ\u00f3mica (IMAE) del mes de marzo de 2026 reflejaron un incremento interanual de 5.1%, constituyendo el ritmo de expansi\u00f3n de la actividad econ\u00f3mica m\u00e1s elevado de los \u00faltimos once meses. Con este resultado, el crecimiento promedio acumulado durante el primer trimestre del a\u00f1o se sit\u00faa en 4.1%.<\/p>\n<p>Entretanto, el potencial de las provincias para convertirse en motores del desarrollo nacional es indiscutible. Demarcaciones como Santiago y La Altagracia han demostrado que, con inversiones adecuadas en infraestructura y apoyo empresarial, es posible transformar comunidades en polos econ\u00f3micos din\u00e1micos. Estas \u00e1reas han experimentado un crecimiento gracias a mejoras en carreteras, puertos y sistemas energ\u00e9ticos, que las han hecho atractivas para inversores locales e internacionales.<\/p>\n<p>Sin embargo, otras provincias no han tenido la misma suerte. En zonas menos desarrolladas, la falta de acceso a servicios b\u00e1sicos, educaci\u00f3n de calidad y oportunidades laborales sigue siendo un obst\u00e1culo importante. Es urgente que las pol\u00edticas de desarrollo se orienten hacia una inclusi\u00f3n territorial y social que garantice oportunidades equitativas.<\/p>\n<p>Las alianzas entre el gobierno y el sector privado han demostrado ser eficaces para superar los desaf\u00edos del desarrollo desigual. Proyectos como las zonas francas, la modernizaci\u00f3n de redes viales y el impulso al turismo sostenible en Pedernales y Montecristi son ejemplos tangibles de c\u00f3mo estas colaboraciones generan empleo y fortalecen las econom\u00edas locales.<\/p>\n<p>Adem\u00e1s, las alianzas p\u00fablico-privadas (APP) han permitido la ejecuci\u00f3n de grandes obras de infraestructura, como la ampliaci\u00f3n de aeropuertos y la construcci\u00f3n de instalaciones log\u00edsticas. Estas iniciativas no solo benefician a las grandes ciudades, sino tambi\u00e9n a comunidades rurales, al conectarlas con mercados nacionales e internacionales.<\/p>\n<p>El Gobierno tambi\u00e9n debe priorizar la creaci\u00f3n de ecosistemas empresariales que fomenten el emprendimiento y la integraci\u00f3n de las peque\u00f1as y medianas empresas (pymes) a cadenas de valor m\u00e1s amplias. Esto incluye facilitar el acceso al financiamiento para nuevos negocios, mejorar la educaci\u00f3n y capacitaci\u00f3n laboral para preparar a la poblaci\u00f3n para los empleos del futuro y digitalizar los servicios p\u00fablicos para reducir barreras burocr\u00e1ticas y aumentar la eficiencia.<\/p>\n<p>Estos esfuerzos son esenciales para empoderar a las comunidades y garantizar que el progreso econ\u00f3mico no se limite a las grandes urbes.<\/p>\n<p>El crecimiento econ\u00f3mico proyectado por el Banco Central no debe ser solo un n\u00famero en los informes, sino una oportunidad para transformar las provincias en verdaderos polos de desarrollo. Esto exige el compromiso de todos los sectores: gobierno, empresarios y sociedad civil. Es fundamental mantener un enfoque sostenido en la inclusi\u00f3n social y territorial, asegurando que los beneficios del desarrollo lleguen a todos los rincones del pa\u00eds.<\/p>\n<p>Solo as\u00ed lograremos construir una Rep\u00fablica Dominicana m\u00e1s equitativa y sostenible, donde cada comunidad tenga las herramientas necesarias para prosperar y contribuir al desarrollo nacional.<\/p>\n<p>\u00a0<\/p>\n","protected":false},"excerpt":{"rendered":"<p>\u200b Rep\u00fablica Dominicana enfrenta un desaf\u00edo crucial: equilibrar el desarrollo entre la capital y las provincias. Aunque el pa\u00eds ha mostrado avances econ\u00f3micos significativos, con un crecimiento de 2.1% en 2025 y una proyecci\u00f3n de 3.5% a 4.0% para 2026, muchas comunidades a\u00fan esperan que ese progreso se traduzca en mejoras concretas en su calidad [&hellip;]<\/p>\n","protected":false},"author":1,"featured_media":26423,"comment_status":"open","ping_status":"open","sticky":false,"template":"","format":"standard","meta":{"amp_status":"","footnotes":""},"categories":[7],"tags":[],"class_list":["post-26422","post","type-post","status-publish","format-standard","has-post-thumbnail","hentry","category-economia"],"_links":{"self":[{"href":"https:\/\/ermdigital.com\/index.php?rest_route=\/wp\/v2\/posts\/26422","targetHints":{"allow":["GET"]}}],"collection":[{"href":"https:\/\/ermdigital.com\/index.php?rest_route=\/wp\/v2\/posts"}],"about":[{"href":"https:\/\/ermdigital.com\/index.php?rest_route=\/wp\/v2\/types\/post"}],"author":[{"embeddable":true,"href":"https:\/\/ermdigital.com\/index.php?rest_route=\/wp\/v2\/users\/1"}],"replies":[{"embeddable":true,"href":"https:\/\/ermdigital.com\/index.php?rest_route=%2Fwp%2Fv2%2Fcomments&post=26422"}],"version-history":[{"count":0,"href":"https:\/\/ermdigital.com\/index.php?rest_route=\/wp\/v2\/posts\/26422\/revisions"}],"wp:featuredmedia":[{"embeddable":true,"href":"https:\/\/ermdigital.com\/index.php?rest_route=\/wp\/v2\/media\/26423"}],"wp:attachment":[{"href":"https:\/\/ermdigital.com\/index.php?rest_route=%2Fwp%2Fv2%2Fmedia&parent=26422"}],"wp:term":[{"taxonomy":"category","embeddable":true,"href":"https:\/\/ermdigital.com\/index.php?rest_route=%2Fwp%2Fv2%2Fcategories&post=26422"},{"taxonomy":"post_tag","embeddable":true,"href":"https:\/\/ermdigital.com\/index.php?rest_route=%2Fwp%2Fv2%2Ftags&post=26422"}],"curies":[{"name":"wp","href":"https:\/\/api.w.org\/{rel}","templated":true}]}}