{"id":26418,"date":"2026-04-30T00:07:47","date_gmt":"2026-04-30T04:07:47","guid":{"rendered":"https:\/\/ermdigital.com\/?p=26418"},"modified":"2026-04-30T00:07:47","modified_gmt":"2026-04-30T04:07:47","slug":"crecer-sin-transformar","status":"publish","type":"post","link":"https:\/\/ermdigital.com\/?p=26418","title":{"rendered":"Crecer sin transformar"},"content":{"rendered":"<p>\u200b<\/p>\n<p>El verdadero desaf\u00edo de un pa\u00eds no est\u00e1 en su crecimiento econ\u00f3mico, sino en su capacidad de convertir su potencial en productividad sostenida que permee en la econom\u00eda, en la calidad del empleo y en las condiciones de vida.<\/p>\n<p>En Am\u00e9rica Latina hay una brecha menos visible que explica buena parte de su desempe\u00f1o: cu\u00e1nto de su potencial productivo logra realmente materializarse.<\/p>\n<p>El \u00cdndice de Capital Humano del Banco Mundial lo muestra con claridad. Un ni\u00f1o que nace hoy en la regi\u00f3n alcanzar\u00e1, en promedio, apenas alrededor del 55% de su productividad potencial si se mantienen las condiciones actuales de salud y educaci\u00f3n.<\/p>\n<p>En Rep\u00fablica Dominicana, ese indicador ronda el 50%, lo que implica que una parte significativa de su potencial econ\u00f3mico futuro no llega a materializarse. <\/p>\n<p>El contraste es claro. En econom\u00edas avanzadas, ese mismo indicador supera entre el 70% y 80%, reflejando no solo mejores condiciones iniciales, sino una mayor capacidad de convertir potencial en resultados sostenidos. <\/p>\n<p>Ese dato cambia el foco de la discusi\u00f3n. Porque el l\u00edmite no est\u00e1 solo en la inversi\u00f3n o en la productividad observada, sino en lo que no llega a convertirse en capacidad real: habilidades, conocimiento y condiciones que permitan sostener el crecimiento en el tiempo.<\/p>\n<p>El capital humano no explica todo, pero s\u00ed delimita el techo de lo que una econom\u00eda puede sostener en el largo plazo. Y ah\u00ed es donde la diferencia entre crecer y transformar se vuelve evidente.<\/p>\n<p>A\u00fan con avances en estabilidad macroecon\u00f3mica y cobertura de servicios, Am\u00e9rica Latina -incluida Rep\u00fablica Dominicana- sigue enfrentando el reto de traducir esos avances en capacidades efectivas.<\/p>\n<p>Rep\u00fablica Dominicana llega a este contexto con una posici\u00f3n relativamente favorable. Las proyecciones la ubican creciendo entre 3.5% y 4% en 2026, por encima del promedio regional, con estabilidad macroecon\u00f3mica y una econom\u00eda que ha demostrado capacidad de adaptaci\u00f3n.<\/p>\n<p>Pero ese desempe\u00f1o convive con tensiones claras: un d\u00e9ficit fiscal que ronda entre 3.5% y 4% del producto interno bruto (PIB), una deuda en torno a 58% de \u00e9ste y presiones recurrentes por subsidios, particularmente en el sector energ\u00e9tico.<\/p>\n<p>A esto se suma un reto m\u00e1s silencioso, pero igual de determinante: elevar la calidad del crecimiento. Porque crecer m\u00e1s r\u00e1pido no garantiza avanzar mejor.<\/p>\n<p>Para Rep\u00fablica Dominicana, el punto de partida es claro: no se trata solo de ampliar cobertura, sino de mejorar la calidad efectiva del aprendizaje y su conexi\u00f3n con el mercado laboral. <\/p>\n<p>Eso implica intervenciones m\u00e1s precisas: fortalecer la educaci\u00f3n t\u00e9cnica y su v\u00ednculo con sectores productivos, reducir brechas en salud y nutrici\u00f3n -especialmente en la primera infancia- y facilitar la transici\u00f3n hacia empleos de mayor productividad.<\/p>\n<p>Ah\u00ed tambi\u00e9n se abre una agenda de inversi\u00f3n menos visible, pero con retornos acumulativos: servicios intensivos en habilidades, formaci\u00f3n pertinente y capital humano como base de competitividad.<\/p>\n<p>Porque sin ese v\u00ednculo entre crecimiento y capacidades, el potencial econ\u00f3mico se pierde. Y cuando eso ocurre, el crecimiento deja de transformar.<\/p>\n<p>\u00a0<\/p>\n","protected":false},"excerpt":{"rendered":"<p>\u200b El verdadero desaf\u00edo de un pa\u00eds no est\u00e1 en su crecimiento econ\u00f3mico, sino en su capacidad de convertir su potencial en productividad sostenida que permee en la econom\u00eda, en la calidad del empleo y en las condiciones de vida. En Am\u00e9rica Latina hay una brecha menos visible que explica buena parte de su desempe\u00f1o: [&hellip;]<\/p>\n","protected":false},"author":1,"featured_media":26419,"comment_status":"open","ping_status":"open","sticky":false,"template":"","format":"standard","meta":{"amp_status":"","footnotes":""},"categories":[7],"tags":[],"class_list":["post-26418","post","type-post","status-publish","format-standard","has-post-thumbnail","hentry","category-economia"],"_links":{"self":[{"href":"https:\/\/ermdigital.com\/index.php?rest_route=\/wp\/v2\/posts\/26418","targetHints":{"allow":["GET"]}}],"collection":[{"href":"https:\/\/ermdigital.com\/index.php?rest_route=\/wp\/v2\/posts"}],"about":[{"href":"https:\/\/ermdigital.com\/index.php?rest_route=\/wp\/v2\/types\/post"}],"author":[{"embeddable":true,"href":"https:\/\/ermdigital.com\/index.php?rest_route=\/wp\/v2\/users\/1"}],"replies":[{"embeddable":true,"href":"https:\/\/ermdigital.com\/index.php?rest_route=%2Fwp%2Fv2%2Fcomments&post=26418"}],"version-history":[{"count":0,"href":"https:\/\/ermdigital.com\/index.php?rest_route=\/wp\/v2\/posts\/26418\/revisions"}],"wp:featuredmedia":[{"embeddable":true,"href":"https:\/\/ermdigital.com\/index.php?rest_route=\/wp\/v2\/media\/26419"}],"wp:attachment":[{"href":"https:\/\/ermdigital.com\/index.php?rest_route=%2Fwp%2Fv2%2Fmedia&parent=26418"}],"wp:term":[{"taxonomy":"category","embeddable":true,"href":"https:\/\/ermdigital.com\/index.php?rest_route=%2Fwp%2Fv2%2Fcategories&post=26418"},{"taxonomy":"post_tag","embeddable":true,"href":"https:\/\/ermdigital.com\/index.php?rest_route=%2Fwp%2Fv2%2Ftags&post=26418"}],"curies":[{"name":"wp","href":"https:\/\/api.w.org\/{rel}","templated":true}]}}