{"id":26408,"date":"2026-04-30T00:00:00","date_gmt":"2026-04-30T04:00:00","guid":{"rendered":"https:\/\/ermdigital.com\/?p=26408"},"modified":"2026-04-30T00:00:00","modified_gmt":"2026-04-30T04:00:00","slug":"dia-internacional-del-jazz-mas-de-100-anos-de-notable-presencia-entre-dominicanos","status":"publish","type":"post","link":"https:\/\/ermdigital.com\/?p=26408","title":{"rendered":"D\u00eda Internacional del Jazz: m\u00e1s de 100 a\u00f1os de notable presencia entre dominicanos"},"content":{"rendered":"<p>&lt;![CDATA[<\/p>\n<p>Entre los a\u00f1os 1915 y 1916, en medio de la incertidumbre y los conflictos b\u00e9licos que atravesaba Rep\u00fablica Dominicana durante la intervenci\u00f3n estadounidense, hab\u00eda algo m\u00e1s all\u00e1 de la hostilidad floreciendo entre la sociedad dominicana. En esta \u00e9poca, Estados Unidos trajo consigo armas, nuevas reglas y cientos de militares uniformados, pero tambi\u00e9n trajo su lengua, sus costumbres y como no, su m\u00fasica. As\u00ed fue como para esta \u00e9poca el jazz empez\u00f3 a tomar m\u00e1s relevancia en la escena musical dominicana y poco a poco fue formando su propia identidad dentro de la isla.<\/p>\n<p><a href=\"https:\/\/listindiario.com\/entretenimiento\/musica\/20260430\/dia-internacional-jazz-mas-100-anos-notable-presencia-dominicanos_903836.html\">wf_cms.rss.read_more<\/a><\/p>\n<p>]]&gt;<\/p>\n<p>\u200bEn noviembre de 2011, la UNESCO design\u00f3 oficialmente el 30 de abril como el D\u00eda Internacional del Jazz para resaltar el jazz y su papel diplom\u00e1tico de unir a las personas en todos los rincones del mundo.\u00a0\u00a0M\u00fasica\u00a0<\/p>\n","protected":false},"excerpt":{"rendered":"<p>&lt;![CDATA[ Entre los a\u00f1os 1915 y 1916, en medio de la incertidumbre y los conflictos b\u00e9licos que atravesaba Rep\u00fablica Dominicana durante la intervenci\u00f3n estadounidense, hab\u00eda algo m\u00e1s all\u00e1 de la hostilidad floreciendo entre la sociedad dominicana. En esta \u00e9poca, Estados Unidos trajo consigo armas, nuevas reglas y cientos de militares uniformados, pero tambi\u00e9n trajo su [&hellip;]<\/p>\n","protected":false},"author":1,"featured_media":26409,"comment_status":"open","ping_status":"open","sticky":false,"template":"","format":"standard","meta":{"amp_status":"","footnotes":""},"categories":[9],"tags":[],"class_list":["post-26408","post","type-post","status-publish","format-standard","has-post-thumbnail","hentry","category-espectaculo"],"_links":{"self":[{"href":"https:\/\/ermdigital.com\/index.php?rest_route=\/wp\/v2\/posts\/26408","targetHints":{"allow":["GET"]}}],"collection":[{"href":"https:\/\/ermdigital.com\/index.php?rest_route=\/wp\/v2\/posts"}],"about":[{"href":"https:\/\/ermdigital.com\/index.php?rest_route=\/wp\/v2\/types\/post"}],"author":[{"embeddable":true,"href":"https:\/\/ermdigital.com\/index.php?rest_route=\/wp\/v2\/users\/1"}],"replies":[{"embeddable":true,"href":"https:\/\/ermdigital.com\/index.php?rest_route=%2Fwp%2Fv2%2Fcomments&post=26408"}],"version-history":[{"count":0,"href":"https:\/\/ermdigital.com\/index.php?rest_route=\/wp\/v2\/posts\/26408\/revisions"}],"wp:featuredmedia":[{"embeddable":true,"href":"https:\/\/ermdigital.com\/index.php?rest_route=\/wp\/v2\/media\/26409"}],"wp:attachment":[{"href":"https:\/\/ermdigital.com\/index.php?rest_route=%2Fwp%2Fv2%2Fmedia&parent=26408"}],"wp:term":[{"taxonomy":"category","embeddable":true,"href":"https:\/\/ermdigital.com\/index.php?rest_route=%2Fwp%2Fv2%2Fcategories&post=26408"},{"taxonomy":"post_tag","embeddable":true,"href":"https:\/\/ermdigital.com\/index.php?rest_route=%2Fwp%2Fv2%2Ftags&post=26408"}],"curies":[{"name":"wp","href":"https:\/\/api.w.org\/{rel}","templated":true}]}}