{"id":26404,"date":"2026-04-30T00:00:00","date_gmt":"2026-04-30T04:00:00","guid":{"rendered":"https:\/\/ermdigital.com\/?p=26404"},"modified":"2026-04-30T00:00:00","modified_gmt":"2026-04-30T04:00:00","slug":"mas-de-17000-denuncias-por-violencia-de-genero-y-22-feminicidios-en-primer-trimestre","status":"publish","type":"post","link":"https:\/\/ermdigital.com\/?p=26404","title":{"rendered":"M\u00e1s de 17,000 denuncias por violencia de g\u00e9nero y 22 feminicidios en primer trimestre\u00a0"},"content":{"rendered":"<p>&lt;![CDATA[<\/p>\n<p>Un reciente informe de la Direcci\u00f3n Nacional Contra la Violencia de G\u00e9nero revel\u00f3 que, durante el periodo enero-marzo de 2026, se registraron un total de 17,552 denuncias por violencia de g\u00e9nero, intrafamiliar y delitos sexuales en el pa\u00eds.<\/p>\n<p><a href=\"https:\/\/listindiario.com\/la-republica\/justicia\/20260430\/mas-17-000-denuncias-violencia-genero-22-feminicidios-primer-trimestre_903806.html\">wf_cms.rss.read_more<\/a><\/p>\n<p>]]&gt;<\/p>\n<p>\u200bUn bolet\u00edn estad\u00edstico de la Direcci\u00f3n Nacional Contra la Violencia de G\u00e9nero destaca que la violencia intrafamiliar sigue siendo la principal causa de denuncias, representando el 52.49% del total nacional.\u00a0\u00a0Justicia\u00a0<\/p>\n","protected":false},"excerpt":{"rendered":"<p>&lt;![CDATA[ Un reciente informe de la Direcci\u00f3n Nacional Contra la Violencia de G\u00e9nero revel\u00f3 que, durante el periodo enero-marzo de 2026, se registraron un total de 17,552 denuncias por violencia de g\u00e9nero, intrafamiliar y delitos sexuales en el pa\u00eds. wf_cms.rss.read_more ]]&gt; \u200bUn bolet\u00edn estad\u00edstico de la Direcci\u00f3n Nacional Contra la Violencia de G\u00e9nero destaca que [&hellip;]<\/p>\n","protected":false},"author":1,"featured_media":26405,"comment_status":"open","ping_status":"open","sticky":false,"template":"","format":"standard","meta":{"amp_status":"","footnotes":""},"categories":[5],"tags":[],"class_list":["post-26404","post","type-post","status-publish","format-standard","has-post-thumbnail","hentry","category-politica"],"_links":{"self":[{"href":"https:\/\/ermdigital.com\/index.php?rest_route=\/wp\/v2\/posts\/26404","targetHints":{"allow":["GET"]}}],"collection":[{"href":"https:\/\/ermdigital.com\/index.php?rest_route=\/wp\/v2\/posts"}],"about":[{"href":"https:\/\/ermdigital.com\/index.php?rest_route=\/wp\/v2\/types\/post"}],"author":[{"embeddable":true,"href":"https:\/\/ermdigital.com\/index.php?rest_route=\/wp\/v2\/users\/1"}],"replies":[{"embeddable":true,"href":"https:\/\/ermdigital.com\/index.php?rest_route=%2Fwp%2Fv2%2Fcomments&post=26404"}],"version-history":[{"count":0,"href":"https:\/\/ermdigital.com\/index.php?rest_route=\/wp\/v2\/posts\/26404\/revisions"}],"wp:featuredmedia":[{"embeddable":true,"href":"https:\/\/ermdigital.com\/index.php?rest_route=\/wp\/v2\/media\/26405"}],"wp:attachment":[{"href":"https:\/\/ermdigital.com\/index.php?rest_route=%2Fwp%2Fv2%2Fmedia&parent=26404"}],"wp:term":[{"taxonomy":"category","embeddable":true,"href":"https:\/\/ermdigital.com\/index.php?rest_route=%2Fwp%2Fv2%2Fcategories&post=26404"},{"taxonomy":"post_tag","embeddable":true,"href":"https:\/\/ermdigital.com\/index.php?rest_route=%2Fwp%2Fv2%2Ftags&post=26404"}],"curies":[{"name":"wp","href":"https:\/\/api.w.org\/{rel}","templated":true}]}}