{"id":26400,"date":"2026-04-30T00:00:00","date_gmt":"2026-04-30T04:00:00","guid":{"rendered":"https:\/\/ermdigital.com\/?p=26400"},"modified":"2026-04-30T00:00:00","modified_gmt":"2026-04-30T04:00:00","slug":"protestan-frente-al-palacio-nacional-en-demanda-reapertura-de-centro-para-ciegos","status":"publish","type":"post","link":"https:\/\/ermdigital.com\/?p=26400","title":{"rendered":"Protestan frente al Palacio Nacional en demanda reapertura de centro para ciegos\u00a0"},"content":{"rendered":"<p>&lt;![CDATA[<\/p>\n<p>Personas con<b> discapacidad visua<\/b>l, estudiantes y padres de ni\u00f1os con Trastorno del Espectro Autista (<b>TEA<\/b>), junto a familiares y miembros de la comunidad, iniciaron esta semana una <b>jornada de protesta pac\u00edfica<\/b> por tiempo indefinido <b>frente al Palacio Nacional.<\/b><\/p>\n<p><a href=\"https:\/\/listindiario.com\/la-republica\/educacion\/20260430\/protestan-frente-palacio-nacional-demanda-reapertura-centro-ciegos_903818.html\">wf_cms.rss.read_more<\/a><\/p>\n<p>]]&gt;<\/p>\n<p>\u200bLa protesta es en demanda de una soluci\u00f3n formal, seria y sostenible que garantice la reapertura del Centro de Capacitaci\u00f3n para Ciegos (CECAPCI) de Santiago, instituci\u00f3n que lleva cuatro meses sin ofrecer sus servicios de manera regular.\u00a0\u00a0Educaci\u00f3n\u00a0<\/p>\n","protected":false},"excerpt":{"rendered":"<p>&lt;![CDATA[ Personas con discapacidad visual, estudiantes y padres de ni\u00f1os con Trastorno del Espectro Autista (TEA), junto a familiares y miembros de la comunidad, iniciaron esta semana una jornada de protesta pac\u00edfica por tiempo indefinido frente al Palacio Nacional. wf_cms.rss.read_more ]]&gt; \u200bLa protesta es en demanda de una soluci\u00f3n formal, seria y sostenible que garantice [&hellip;]<\/p>\n","protected":false},"author":1,"featured_media":26401,"comment_status":"open","ping_status":"open","sticky":false,"template":"","format":"standard","meta":{"amp_status":"","footnotes":""},"categories":[5],"tags":[],"class_list":["post-26400","post","type-post","status-publish","format-standard","has-post-thumbnail","hentry","category-politica"],"_links":{"self":[{"href":"https:\/\/ermdigital.com\/index.php?rest_route=\/wp\/v2\/posts\/26400","targetHints":{"allow":["GET"]}}],"collection":[{"href":"https:\/\/ermdigital.com\/index.php?rest_route=\/wp\/v2\/posts"}],"about":[{"href":"https:\/\/ermdigital.com\/index.php?rest_route=\/wp\/v2\/types\/post"}],"author":[{"embeddable":true,"href":"https:\/\/ermdigital.com\/index.php?rest_route=\/wp\/v2\/users\/1"}],"replies":[{"embeddable":true,"href":"https:\/\/ermdigital.com\/index.php?rest_route=%2Fwp%2Fv2%2Fcomments&post=26400"}],"version-history":[{"count":0,"href":"https:\/\/ermdigital.com\/index.php?rest_route=\/wp\/v2\/posts\/26400\/revisions"}],"wp:featuredmedia":[{"embeddable":true,"href":"https:\/\/ermdigital.com\/index.php?rest_route=\/wp\/v2\/media\/26401"}],"wp:attachment":[{"href":"https:\/\/ermdigital.com\/index.php?rest_route=%2Fwp%2Fv2%2Fmedia&parent=26400"}],"wp:term":[{"taxonomy":"category","embeddable":true,"href":"https:\/\/ermdigital.com\/index.php?rest_route=%2Fwp%2Fv2%2Fcategories&post=26400"},{"taxonomy":"post_tag","embeddable":true,"href":"https:\/\/ermdigital.com\/index.php?rest_route=%2Fwp%2Fv2%2Ftags&post=26400"}],"curies":[{"name":"wp","href":"https:\/\/api.w.org\/{rel}","templated":true}]}}