{"id":26396,"date":"2026-04-30T00:00:00","date_gmt":"2026-04-30T04:00:00","guid":{"rendered":"https:\/\/ermdigital.com\/?p=26396"},"modified":"2026-04-30T00:00:00","modified_gmt":"2026-04-30T04:00:00","slug":"explosion-precede-a-caida-e-incendio-de-avioneta-en-dajabon","status":"publish","type":"post","link":"https:\/\/ermdigital.com\/?p=26396","title":{"rendered":"Explosi\u00f3n precede a ca\u00edda e incendio de avioneta en Dajab\u00f3n\u00a0"},"content":{"rendered":"<p>&lt;![CDATA[<\/p>\n<p>La incertidumbre y la preocupaci\u00f3n se apoderaron este mi\u00e9rcoles de la comunidad de Dajab\u00f3n, tras el accidente de una avioneta privada que, apenas segundos despu\u00e9s de despegar, sufri\u00f3 una aparente detonaci\u00f3n que deriv\u00f3 en un incendio, obligando a sus ocupantes a lanzarse del aparato en un intento desesperado por salvar sus vidas.<\/p>\n<p><a href=\"https:\/\/listindiario.com\/la-republica\/provincias\/20260430\/explosion-precede-caida-e-incendio-avioneta-dajabon_903821.html\">wf_cms.rss.read_more<\/a><\/p>\n<p>]]&gt;<\/p>\n<p>\u200bEl piloto, identificado como Domingo An\u00edbal Medina Bison\u00f3, conocido como \u201cChiqui Medina\u201d y certificado por el IDAC, junto a su copiloto Luis Manuel Carrasco, lograron salir de la aeronave en medio de la emergencia, aunque resultaron con quemaduras de consideraci\u00f3n.\u00a0\u00a0Provincias\u00a0<\/p>\n","protected":false},"excerpt":{"rendered":"<p>&lt;![CDATA[ La incertidumbre y la preocupaci\u00f3n se apoderaron este mi\u00e9rcoles de la comunidad de Dajab\u00f3n, tras el accidente de una avioneta privada que, apenas segundos despu\u00e9s de despegar, sufri\u00f3 una aparente detonaci\u00f3n que deriv\u00f3 en un incendio, obligando a sus ocupantes a lanzarse del aparato en un intento desesperado por salvar sus vidas. wf_cms.rss.read_more ]]&gt; [&hellip;]<\/p>\n","protected":false},"author":1,"featured_media":26397,"comment_status":"open","ping_status":"open","sticky":false,"template":"","format":"standard","meta":{"amp_status":"","footnotes":""},"categories":[5],"tags":[],"class_list":["post-26396","post","type-post","status-publish","format-standard","has-post-thumbnail","hentry","category-politica"],"_links":{"self":[{"href":"https:\/\/ermdigital.com\/index.php?rest_route=\/wp\/v2\/posts\/26396","targetHints":{"allow":["GET"]}}],"collection":[{"href":"https:\/\/ermdigital.com\/index.php?rest_route=\/wp\/v2\/posts"}],"about":[{"href":"https:\/\/ermdigital.com\/index.php?rest_route=\/wp\/v2\/types\/post"}],"author":[{"embeddable":true,"href":"https:\/\/ermdigital.com\/index.php?rest_route=\/wp\/v2\/users\/1"}],"replies":[{"embeddable":true,"href":"https:\/\/ermdigital.com\/index.php?rest_route=%2Fwp%2Fv2%2Fcomments&post=26396"}],"version-history":[{"count":0,"href":"https:\/\/ermdigital.com\/index.php?rest_route=\/wp\/v2\/posts\/26396\/revisions"}],"wp:featuredmedia":[{"embeddable":true,"href":"https:\/\/ermdigital.com\/index.php?rest_route=\/wp\/v2\/media\/26397"}],"wp:attachment":[{"href":"https:\/\/ermdigital.com\/index.php?rest_route=%2Fwp%2Fv2%2Fmedia&parent=26396"}],"wp:term":[{"taxonomy":"category","embeddable":true,"href":"https:\/\/ermdigital.com\/index.php?rest_route=%2Fwp%2Fv2%2Fcategories&post=26396"},{"taxonomy":"post_tag","embeddable":true,"href":"https:\/\/ermdigital.com\/index.php?rest_route=%2Fwp%2Fv2%2Ftags&post=26396"}],"curies":[{"name":"wp","href":"https:\/\/api.w.org\/{rel}","templated":true}]}}