{"id":26390,"date":"2026-04-30T00:00:00","date_gmt":"2026-04-30T04:00:00","guid":{"rendered":"https:\/\/ermdigital.com\/?p=26390"},"modified":"2026-04-30T00:00:00","modified_gmt":"2026-04-30T04:00:00","slug":"adp-y-el-ideice-firman-convenio-de-cooperacion-para-fortalecer-investigacion-docente","status":"publish","type":"post","link":"https:\/\/ermdigital.com\/?p=26390","title":{"rendered":"ADP y el Ideice firman convenio de cooperaci\u00f3n para fortalecer investigaci\u00f3n docente\u00a0"},"content":{"rendered":"<p>&lt;![CDATA[<\/p>\n<p>La Asociaci\u00f3n Dominicana de Profesores (ADP) y el Instituto Dominicano de Evaluaci\u00f3n e Investigaci\u00f3n de la Calidad Educativa (Ideice) firmaron un convenio de cooperaci\u00f3n interinstitucional con el objetivo de fortalecer los lazos de colaboraci\u00f3n en investigaci\u00f3n.<\/p>\n<p><a href=\"https:\/\/listindiario.com\/la-republica\/educacion\/20260430\/adp-ideice-firman-convenio-cooperacion-fortalecer-investigacion_903830.html\">wf_cms.rss.read_more<\/a><\/p>\n<p>]]&gt;<\/p>\n<p>\u200bLa Asociaci\u00f3n Dominicana de Profesores (ADP) y el Instituto Dominicano de Evaluaci\u00f3n e Investigaci\u00f3n de la Calidad Educativa (Ideice) firmar\u00a0\u00a0Educaci\u00f3n\u00a0<\/p>\n","protected":false},"excerpt":{"rendered":"<p>&lt;![CDATA[ La Asociaci\u00f3n Dominicana de Profesores (ADP) y el Instituto Dominicano de Evaluaci\u00f3n e Investigaci\u00f3n de la Calidad Educativa (Ideice) firmaron un convenio de cooperaci\u00f3n interinstitucional con el objetivo de fortalecer los lazos de colaboraci\u00f3n en investigaci\u00f3n. wf_cms.rss.read_more ]]&gt; \u200bLa Asociaci\u00f3n Dominicana de Profesores (ADP) y el Instituto Dominicano de Evaluaci\u00f3n e Investigaci\u00f3n de la [&hellip;]<\/p>\n","protected":false},"author":1,"featured_media":26391,"comment_status":"open","ping_status":"open","sticky":false,"template":"","format":"standard","meta":{"amp_status":"","footnotes":""},"categories":[5],"tags":[],"class_list":["post-26390","post","type-post","status-publish","format-standard","has-post-thumbnail","hentry","category-politica"],"_links":{"self":[{"href":"https:\/\/ermdigital.com\/index.php?rest_route=\/wp\/v2\/posts\/26390","targetHints":{"allow":["GET"]}}],"collection":[{"href":"https:\/\/ermdigital.com\/index.php?rest_route=\/wp\/v2\/posts"}],"about":[{"href":"https:\/\/ermdigital.com\/index.php?rest_route=\/wp\/v2\/types\/post"}],"author":[{"embeddable":true,"href":"https:\/\/ermdigital.com\/index.php?rest_route=\/wp\/v2\/users\/1"}],"replies":[{"embeddable":true,"href":"https:\/\/ermdigital.com\/index.php?rest_route=%2Fwp%2Fv2%2Fcomments&post=26390"}],"version-history":[{"count":0,"href":"https:\/\/ermdigital.com\/index.php?rest_route=\/wp\/v2\/posts\/26390\/revisions"}],"wp:featuredmedia":[{"embeddable":true,"href":"https:\/\/ermdigital.com\/index.php?rest_route=\/wp\/v2\/media\/26391"}],"wp:attachment":[{"href":"https:\/\/ermdigital.com\/index.php?rest_route=%2Fwp%2Fv2%2Fmedia&parent=26390"}],"wp:term":[{"taxonomy":"category","embeddable":true,"href":"https:\/\/ermdigital.com\/index.php?rest_route=%2Fwp%2Fv2%2Fcategories&post=26390"},{"taxonomy":"post_tag","embeddable":true,"href":"https:\/\/ermdigital.com\/index.php?rest_route=%2Fwp%2Fv2%2Ftags&post=26390"}],"curies":[{"name":"wp","href":"https:\/\/api.w.org\/{rel}","templated":true}]}}