{"id":26386,"date":"2026-04-29T22:22:45","date_gmt":"2026-04-30T02:22:45","guid":{"rendered":"https:\/\/ermdigital.com\/?p=26386"},"modified":"2026-04-29T22:22:45","modified_gmt":"2026-04-30T02:22:45","slug":"andres-cepeda-deslumbra-en-el-cuarto-concierto-de-grupo-medrano-ante-un-publico-masivo-y-lleno-de-glamour","status":"publish","type":"post","link":"https:\/\/ermdigital.com\/?p=26386","title":{"rendered":"Andr\u00e9s Cepeda deslumbra en el cuarto concierto de Grupo Medrano ante un p\u00fablico masivo y lleno de glamour"},"content":{"rendered":"<p><strong>Santo Domingo.<\/strong>El cantautor colombiano Andr\u00e9s Cepeda fue el gran protagonista del cuarto concierto organizado por el Grupo Medrano, celebrado en Hard Rock Cafe Santo Domingo, donde cautiv\u00f3 a los asistentes con su inconfundible estilo y un repertorio cargado de romanticismo. Su presentaci\u00f3n logr\u00f3 una conexi\u00f3n especial con el p\u00fablico, que core\u00f3 cada una de sus canciones en un ambiente \u00edntimo y emotivo.<\/p>\n<p>La velada reuni\u00f3 a una gran cantidad de p\u00fablico, consolid\u00e1ndose como uno de los eventos m\u00e1s destacados del entretenimiento en la Rep\u00fablica Dominicana. Con una producci\u00f3n de alto nivel, los asistentes disfrutaron de una noche llena de m\u00fasica, emociones y una puesta en escena impecable.<\/p>\n<p><strong>Recomendamos leer: <a href=\"https:\/\/deultimominuto.net\/entretenimiento\/anna-sofia-y-andres-cepeda\/\">Annasofia y Andr\u00e9s Cepeda unen sus voces en \u201cEstamos a Paz\u201d<\/a><\/strong><\/p>\n<p>El evento tambi\u00e9n cont\u00f3 con la presencia de importantes personalidades del \u00e1mbito social, art\u00edstico y empresarial, quienes aportaron un toque de elegancia y glamour a la noche. Con esta entrega, el Grupo Medrano reafirma su compromiso de ofrecer espect\u00e1culos de calidad que contin\u00faan marcando pauta en la escena musical del pa\u00eds.<\/p>\n<p>\u200bSanto Domingo.El cantautor colombiano Andr\u00e9s Cepeda fue el gran protagonista del cuarto concierto organizado por el Grupo Medrano, celebrado en Hard Rock Cafe Santo Domingo, donde cautiv\u00f3 a los asistentes con su inconfundible estilo y un repertorio cargado de romanticismo. Su presentaci\u00f3n logr\u00f3 una conexi\u00f3n especial con el p\u00fablico, que core\u00f3 cada una de sus\u00a0\u00a0Entretenimiento, Andr\u00e9s Cepeda\u00a0\u00a0<\/p>\n","protected":false},"excerpt":{"rendered":"<p>Santo Domingo.El cantautor colombiano Andr\u00e9s Cepeda fue el gran protagonista del cuarto concierto organizado por el Grupo Medrano, celebrado en Hard Rock Cafe Santo Domingo, donde cautiv\u00f3 a los asistentes con su inconfundible estilo y un repertorio cargado de romanticismo. Su presentaci\u00f3n logr\u00f3 una conexi\u00f3n especial con el p\u00fablico, que core\u00f3 cada una de sus [&hellip;]<\/p>\n","protected":false},"author":1,"featured_media":26387,"comment_status":"open","ping_status":"open","sticky":false,"template":"","format":"standard","meta":{"amp_status":"","footnotes":""},"categories":[3],"tags":[],"class_list":["post-26386","post","type-post","status-publish","format-standard","has-post-thumbnail","hentry","category-de-ultimo-minuto"],"_links":{"self":[{"href":"https:\/\/ermdigital.com\/index.php?rest_route=\/wp\/v2\/posts\/26386","targetHints":{"allow":["GET"]}}],"collection":[{"href":"https:\/\/ermdigital.com\/index.php?rest_route=\/wp\/v2\/posts"}],"about":[{"href":"https:\/\/ermdigital.com\/index.php?rest_route=\/wp\/v2\/types\/post"}],"author":[{"embeddable":true,"href":"https:\/\/ermdigital.com\/index.php?rest_route=\/wp\/v2\/users\/1"}],"replies":[{"embeddable":true,"href":"https:\/\/ermdigital.com\/index.php?rest_route=%2Fwp%2Fv2%2Fcomments&post=26386"}],"version-history":[{"count":0,"href":"https:\/\/ermdigital.com\/index.php?rest_route=\/wp\/v2\/posts\/26386\/revisions"}],"wp:featuredmedia":[{"embeddable":true,"href":"https:\/\/ermdigital.com\/index.php?rest_route=\/wp\/v2\/media\/26387"}],"wp:attachment":[{"href":"https:\/\/ermdigital.com\/index.php?rest_route=%2Fwp%2Fv2%2Fmedia&parent=26386"}],"wp:term":[{"taxonomy":"category","embeddable":true,"href":"https:\/\/ermdigital.com\/index.php?rest_route=%2Fwp%2Fv2%2Fcategories&post=26386"},{"taxonomy":"post_tag","embeddable":true,"href":"https:\/\/ermdigital.com\/index.php?rest_route=%2Fwp%2Fv2%2Ftags&post=26386"}],"curies":[{"name":"wp","href":"https:\/\/api.w.org\/{rel}","templated":true}]}}