{"id":26382,"date":"2026-04-29T22:35:03","date_gmt":"2026-04-30T02:35:03","guid":{"rendered":"https:\/\/ermdigital.com\/?p=26382"},"modified":"2026-04-29T22:35:03","modified_gmt":"2026-04-30T02:35:03","slug":"andres-cepeda-presenta-su-album-bogota-y-promete-un-concierto-lleno-de-emociones","status":"publish","type":"post","link":"https:\/\/ermdigital.com\/?p=26382","title":{"rendered":"Andr\u00e9s Cepeda presenta su \u00e1lbum \u201cBogot\u00e1\u201d y promete un concierto lleno de emociones"},"content":{"rendered":"<p><strong>Santo Domingo.-<\/strong>El cantautor colombiano Andr\u00e9s Cepeda comparti\u00f3 detalles sobre su m\u00e1s reciente producci\u00f3n discogr\u00e1fica titulada Bogot\u00e1, un trabajo profundamente personal inspirado en la ciudad que lo vio nacer y crecer. El artista explic\u00f3 que este \u00e1lbum surge como un homenaje a sus ra\u00edces, reuniendo vivencias, recuerdos e historias que han marcado su vida.<\/p>\n<p>Cepeda destac\u00f3 que el disco retrata la esencia de las ciudades latinoamericanas, describi\u00e9ndolas como espacios ca\u00f3ticos, intensos y llenos de contrastes. En ese sentido, se\u00f1al\u00f3 que Bogot\u00e1 no solo es un lugar geogr\u00e1fico, sino el escenario donde transcurre su historia personal y donde permanece su conexi\u00f3n emocional m\u00e1s fuerte.<\/p>\n<p><strong>Recomendamos leer: <a href=\"https:\/\/deultimominuto.net\/entretenimiento\/grupo-medrano-celebra\/\">Andr\u00e9s Cepeda deslumbra en el cuarto concierto de Grupo Medrano ante un p\u00fablico masivo y lleno de glamour<\/a><br \/><\/strong><\/p>\n<p>En cuanto a su concierto, el artista adelant\u00f3 que ser\u00e1 una experiencia cargada de emociones, en la que el p\u00fablico podr\u00e1 conectar con cada una de las historias que dan vida al \u00e1lbum. Prometi\u00f3 un espect\u00e1culo \u00edntimo y en\u00e9rgico, donde la m\u00fasica servir\u00e1 como puente entre su historia, su ciudad y sus seguidores.<\/p>\n<p>\u200bSanto Domingo.-El cantautor colombiano Andr\u00e9s Cepeda comparti\u00f3 detalles sobre su m\u00e1s reciente producci\u00f3n discogr\u00e1fica titulada Bogot\u00e1, un trabajo profundamente personal inspirado en la ciudad que lo vio nacer y crecer. El artista explic\u00f3 que este \u00e1lbum surge como un homenaje a sus ra\u00edces, reuniendo vivencias, recuerdos e historias que han marcado su vida. Cepeda destac\u00f3\u00a0\u00a0Entretenimiento, Andr\u00e9s Cepeda\u00a0\u00a0<\/p>\n","protected":false},"excerpt":{"rendered":"<p>Santo Domingo.-El cantautor colombiano Andr\u00e9s Cepeda comparti\u00f3 detalles sobre su m\u00e1s reciente producci\u00f3n discogr\u00e1fica titulada Bogot\u00e1, un trabajo profundamente personal inspirado en la ciudad que lo vio nacer y crecer. El artista explic\u00f3 que este \u00e1lbum surge como un homenaje a sus ra\u00edces, reuniendo vivencias, recuerdos e historias que han marcado su vida. Cepeda destac\u00f3 [&hellip;]<\/p>\n","protected":false},"author":1,"featured_media":26383,"comment_status":"open","ping_status":"open","sticky":false,"template":"","format":"standard","meta":{"amp_status":"","footnotes":""},"categories":[3],"tags":[],"class_list":["post-26382","post","type-post","status-publish","format-standard","has-post-thumbnail","hentry","category-de-ultimo-minuto"],"_links":{"self":[{"href":"https:\/\/ermdigital.com\/index.php?rest_route=\/wp\/v2\/posts\/26382","targetHints":{"allow":["GET"]}}],"collection":[{"href":"https:\/\/ermdigital.com\/index.php?rest_route=\/wp\/v2\/posts"}],"about":[{"href":"https:\/\/ermdigital.com\/index.php?rest_route=\/wp\/v2\/types\/post"}],"author":[{"embeddable":true,"href":"https:\/\/ermdigital.com\/index.php?rest_route=\/wp\/v2\/users\/1"}],"replies":[{"embeddable":true,"href":"https:\/\/ermdigital.com\/index.php?rest_route=%2Fwp%2Fv2%2Fcomments&post=26382"}],"version-history":[{"count":0,"href":"https:\/\/ermdigital.com\/index.php?rest_route=\/wp\/v2\/posts\/26382\/revisions"}],"wp:featuredmedia":[{"embeddable":true,"href":"https:\/\/ermdigital.com\/index.php?rest_route=\/wp\/v2\/media\/26383"}],"wp:attachment":[{"href":"https:\/\/ermdigital.com\/index.php?rest_route=%2Fwp%2Fv2%2Fmedia&parent=26382"}],"wp:term":[{"taxonomy":"category","embeddable":true,"href":"https:\/\/ermdigital.com\/index.php?rest_route=%2Fwp%2Fv2%2Fcategories&post=26382"},{"taxonomy":"post_tag","embeddable":true,"href":"https:\/\/ermdigital.com\/index.php?rest_route=%2Fwp%2Fv2%2Ftags&post=26382"}],"curies":[{"name":"wp","href":"https:\/\/api.w.org\/{rel}","templated":true}]}}