{"id":26378,"date":"2026-04-29T22:44:17","date_gmt":"2026-04-30T02:44:17","guid":{"rendered":"https:\/\/ermdigital.com\/?p=26378"},"modified":"2026-04-29T22:44:17","modified_gmt":"2026-04-30T02:44:17","slug":"el-congreso-de-el-salvador-reforma-la-constitucion-para-dar-a-la-diaspora-representacion-parlamentaria","status":"publish","type":"post","link":"https:\/\/ermdigital.com\/?p=26378","title":{"rendered":"El Congreso de El Salvador reforma la Constituci\u00f3n para dar a la di\u00e1spora representaci\u00f3n parlamentaria"},"content":{"rendered":"<p><strong>San Salvador .-<\/strong> La Asamblea Legislativa de El Salvador aprob\u00f3 la noche de este mi\u00e9rcoles, a petici\u00f3n del presidente del pa\u00eds Nayib Bukele, y con los votos del partido gobernante Nuevas Ideas (NI), una reforma constitucional para que los salvadore\u00f1os que viven en el extranjero tengan una representaci\u00f3n directa en el \u00d3rgano Legislativo.<\/p>\n<p>La reforma, que a\u00fan requiere ratificaci\u00f3n para entrar en vigor y llega antes de los comicios de 2027 tras cambios electorales previos, modifica el primer inciso del art\u00edculo 79 de la Constituci\u00f3n salvadore\u00f1a para asignar una circunscripci\u00f3n electoral a los salvadore\u00f1os en el extranjero, con lo que tendr\u00edan al menos dos diputados de los 60 que conforman este \u00f3rgano.<\/p>\n<p>\u00abEn el territorio de la Rep\u00fablica y en el extranjero se establecer\u00e1n las circunscripciones electorales que determinar\u00e1 la ley. La base del sistema electoral en el territorio de la Rep\u00fablica es la poblaci\u00f3n y en el extranjero el registro electoral\u00bb, se\u00f1ala la nueva redacci\u00f3n del art\u00edculo.<\/p>\n<p>Seg\u00fan la iniciativa, aprobada con 57 votos de 60 legisladores sin debate ni estudio previo, la cantidad de diputados que tendr\u00e1 la circunscripci\u00f3n de la di\u00e1spora salvadore\u00f1a se establecer\u00e1 de acuerdo con el n\u00famero de ciudadanos que tengan en su documento \u00fanico de identidad (DUI) su \u00abdomicilio en el extranjero\u00bb.<\/p>\n<h4 class=\"wp-block-heading\"><strong>Recomendamos leer: <a href=\"https:\/\/deultimominuto.net\/enlaces\/\" data-type=\"page\" data-id=\"491852\">El Salvador supera los 400 sismos en 2026, pero solo una minor\u00eda fue percibida<\/a><\/strong><a href=\"https:\/\/deultimominuto.net\/category\/internacionales\/\"><\/a><\/h4>\n<p>De acuerdo con datos del Gobierno, m\u00e1s de 3 millones de salvadore\u00f1os viven fuera del pa\u00eds y de estos solo 950.000 establecieron legalmente su domicilio en el extranjero.<\/p>\n<h3 class=\"wp-block-heading\">Salvadore\u00f1os en el extranjero<\/h3>\n<p>El C\u00f3digo Electoral salvadore\u00f1o establece que \u00abcada circunscripci\u00f3n se integrar\u00e1 con al menos 2 diputados o diputadas propietarios e igual n\u00famero de suplentes\u00bb, y prescribe que el departamento de San Salvador, el de mayor poblaci\u00f3n, posee 16 diputados, seguido de La Libertad con siete, mientras que Santa Ana, San Miguel y Sonsonate cuentan con cinco legisladores cada uno.<\/p>\n<p>En tanto, Usulut\u00e1n tiene cuatro diputados; Ahuachap\u00e1n y La Paz tienen tres, mientras que los restantes seis departamentos tienen dos legisladores cada uno.<\/p>\n<p>Sin embargo, esta normativa tambi\u00e9n deber\u00eda reformarse para adecuarla a la nueva redacci\u00f3n de la Constituci\u00f3n salvadore\u00f1a, vigente desde 1983.<\/p>\n<p>Seg\u00fan expuso el Gobierno en un comunicado, la cantidad de salvadore\u00f1os en el extranjero \u00abrefleja la dimensi\u00f3n de una comunidad que ya participa en el sistema pol\u00edtico salvadore\u00f1o y que hoy merece un reconocimiento estructural, con una representaci\u00f3n espec\u00edfica por primera vez en la Asamblea Legislativa, con diputados a quienes podr\u00e1n elegir, exigirles y remover en elecciones libres\u00bb.<\/p>\n<p>Estos diputados electos por la di\u00e1spora \u00abtendr\u00e1n voz en las decisiones que definen el rumbo del pa\u00eds, en lugar de que sus votos sean asignados al departamento de San Salvador, como ha sido hasta ahora\u00bb, agreg\u00f3.<\/p>\n<h3 class=\"wp-block-heading\">Reformas<\/h3>\n<p><a href=\"https:\/\/efe.com\/mundo\/2026-03-26\/cadena-perpetua-el-salvador\/\" target=\"_blank\" rel=\"noopener\">Los salvadore\u00f1os<\/a>\u00a0que viven en el exterior pueden votar para la elecci\u00f3n de presidente y vicepresidente, as\u00ed como de diputados en el Congreso de entre los candidatos propuestos por los partidos inscritos, y el sufragio de estas personas se sumaba a los votos totales del departamento de San Salvador.<\/p>\n<p>La mayor\u00eda de estos salvadore\u00f1os vive en Estados Unidos y sus remesas representan un 24 % del producto interno bruto (PIB) de El Salvador, siendo as\u00ed la principal fuente de divisas en la econom\u00eda, por encima de las exportaciones, la inversi\u00f3n extranjera y el turismo.<\/p>\n<p>No es la primera vez que el Gobierno de Bukele impulsa reformas en materia electoral antes de celebrarse comicios, dado que los pr\u00f3ximos est\u00e1n previstos para febrero de 2027.<\/p>\n<p>En 2023, meses antes de las elecciones generales de 2024, se redujo el n\u00famero de diputados de 84 a 60 y se modific\u00f3 la f\u00f3rmula para repartir los votos y asignar los esca\u00f1os, entre otros cambios.<\/p>\n<figure class=\"wp-block-image size-full\"><img loading=\"lazy\" decoding=\"async\" width=\"900\" height=\"600\" src=\"https:\/\/cdn.deultimominuto.net\/wp-content\/uploads\/2026\/04\/congreso-3.webp\" alt=\"El Congreso de El Salvador reforma la Constituci\u00f3n para dar a la di\u00e1spora representaci\u00f3n parlamentaria\" class=\"wp-image-648280\" title=\"El Congreso de El Salvador reforma la Constituci\u00f3n para dar a la di\u00e1spora representaci\u00f3n parlamentaria | 5 |\"><figcaption class=\"wp-element-caption\">El Congreso de El Salvador reforma la Constituci\u00f3n para dar a la di\u00e1spora representaci\u00f3n parlamentaria<\/figcaption><\/figure>\n<p>\u200bSan Salvador .- La Asamblea Legislativa de El Salvador aprob\u00f3 la noche de este mi\u00e9rcoles, a petici\u00f3n del presidente del pa\u00eds Nayib Bukele, y con los votos del partido gobernante Nuevas Ideas (NI), una reforma constitucional para que los salvadore\u00f1os que viven en el extranjero tengan una representaci\u00f3n directa en el \u00d3rgano Legislativo. La reforma,\u00a0\u00a0Internacionales, Constituci\u00f3n, di\u00e1spora, El Congreso, El Salvador\u00a0\u00a0<\/p>\n","protected":false},"excerpt":{"rendered":"<p>San Salvador .- La Asamblea Legislativa de El Salvador aprob\u00f3 la noche de este mi\u00e9rcoles, a petici\u00f3n del presidente del pa\u00eds Nayib Bukele, y con los votos del partido gobernante Nuevas Ideas (NI), una reforma constitucional para que los salvadore\u00f1os que viven en el extranjero tengan una representaci\u00f3n directa en el \u00d3rgano Legislativo. La reforma, [&hellip;]<\/p>\n","protected":false},"author":1,"featured_media":26379,"comment_status":"open","ping_status":"open","sticky":false,"template":"","format":"standard","meta":{"amp_status":"","footnotes":""},"categories":[3],"tags":[],"class_list":["post-26378","post","type-post","status-publish","format-standard","has-post-thumbnail","hentry","category-de-ultimo-minuto"],"_links":{"self":[{"href":"https:\/\/ermdigital.com\/index.php?rest_route=\/wp\/v2\/posts\/26378","targetHints":{"allow":["GET"]}}],"collection":[{"href":"https:\/\/ermdigital.com\/index.php?rest_route=\/wp\/v2\/posts"}],"about":[{"href":"https:\/\/ermdigital.com\/index.php?rest_route=\/wp\/v2\/types\/post"}],"author":[{"embeddable":true,"href":"https:\/\/ermdigital.com\/index.php?rest_route=\/wp\/v2\/users\/1"}],"replies":[{"embeddable":true,"href":"https:\/\/ermdigital.com\/index.php?rest_route=%2Fwp%2Fv2%2Fcomments&post=26378"}],"version-history":[{"count":0,"href":"https:\/\/ermdigital.com\/index.php?rest_route=\/wp\/v2\/posts\/26378\/revisions"}],"wp:featuredmedia":[{"embeddable":true,"href":"https:\/\/ermdigital.com\/index.php?rest_route=\/wp\/v2\/media\/26379"}],"wp:attachment":[{"href":"https:\/\/ermdigital.com\/index.php?rest_route=%2Fwp%2Fv2%2Fmedia&parent=26378"}],"wp:term":[{"taxonomy":"category","embeddable":true,"href":"https:\/\/ermdigital.com\/index.php?rest_route=%2Fwp%2Fv2%2Fcategories&post=26378"},{"taxonomy":"post_tag","embeddable":true,"href":"https:\/\/ermdigital.com\/index.php?rest_route=%2Fwp%2Fv2%2Ftags&post=26378"}],"curies":[{"name":"wp","href":"https:\/\/api.w.org\/{rel}","templated":true}]}}