{"id":26376,"date":"2026-04-29T22:58:42","date_gmt":"2026-04-30T02:58:42","guid":{"rendered":"https:\/\/ermdigital.com\/?p=26376"},"modified":"2026-04-29T22:58:42","modified_gmt":"2026-04-30T02:58:42","slug":"el-canciller-de-bolivia-califica-como-logro-historico-la-reciente-visita-de-su-par-de-chile","status":"publish","type":"post","link":"https:\/\/ermdigital.com\/?p=26376","title":{"rendered":"El canciller de Bolivia califica como \u00ablogro hist\u00f3rico\u00bb la reciente visita de su par de Chile"},"content":{"rendered":"<p><strong>La Paz.- <\/strong>El canciller de Bolivia, Fernando Aramayo, calific\u00f3 este mi\u00e9rcoles como un \u00ablogro hist\u00f3rico\u00bb la visita efectuada la semana pasada por su hom\u00f3logo de Chile, Francisco P\u00e9rez Mackenna, aunque reconoci\u00f3 que el restablecimiento pleno de las relaciones entre ambos pa\u00edses \u00abtodav\u00eda va a tomar tiempo\u00bb.<\/p>\n<p>El ministro dijo a los medios en La Paz que \u00abes hist\u00f3rico\u00bb que un canciller de Chile visite Bolivia \u00abcon una delegaci\u00f3n\u00bb como la que le acompa\u00f1\u00f3 \u00abpara discutir temas de la agenda bilateral\u00bb.<\/p>\n<p>\u00abEl haber logrado en menos de seis meses la visita de un ministro de Relaciones Exteriores de Chile que ha expresado una voluntad completamente amplia para trabajar tem\u00e1ticas variadas, seguridad, migraci\u00f3n, estatus migratorio, agricultura, tecnolog\u00eda, energ\u00eda, puertos, conectividad, est\u00e1 planteando un logro hist\u00f3rico\u00bb, manifest\u00f3.<\/p>\n<h3 class=\"wp-block-heading\"><strong>Visita hist\u00f3rica del representante de Chile a Bolivia<\/strong><\/h3>\n<p>Aramayo admiti\u00f3 que \u00abes un camino que todav\u00eda va a tomar tiempo para hablar del restablecimiento de relaciones diplom\u00e1ticas plenas\u00bb y que en los poco m\u00e1s de cinco meses que lleva en el poder el Gobierno de Rodrigo Paz no se puede \u00abcambiar\u00bb lo que ha sucedido en las \u00faltimas d\u00e9cadas entre ambos pa\u00edses.<\/p>\n<p>\u00abHay que entender tambi\u00e9n la dimensi\u00f3n de los desaf\u00edos que estamos enfrentando\u00bb, zanj\u00f3.<\/p>\n<figure class=\"wp-block-image\"><img decoding=\"async\" src=\"https:\/\/i0.wp.com\/efe.com\/wp-content\/uploads\/2025\/11\/Bolivia-gabinete-paz-2.webp?resize=900%2C600&amp;ssl=1\" alt='Rodrigo Paz elige un gabinete \"meritocr\u00e1tico\" para solucionar con rapidez la crisis en Bolivia' class=\"wp-image-2278787\" title=\"El canciller de Bolivia califica como \u00ablogro hist\u00f3rico\u00bb la reciente visita de su par de Chile | 4 |\"><figcaption class=\"wp-element-caption\">Fernando Aramayo, canciller de Bolivia, en una fotograf\u00eda de archivo. EFE\/ Gabriel M\u00e1rquez<\/figcaption><\/figure>\n<p>Bolivia y Chile no tienen relaciones diplom\u00e1ticas a nivel de embajadores desde 1962, salvo un par\u00e9ntesis de 1975 a 1978, por la falta de soluci\u00f3n a la centenaria reclamaci\u00f3n mar\u00edtima boliviana, aunque mantienen consulados generales en La Paz y Santiago.<\/p>\n<p>Rodrigo Paz, que gobierna Bolivia desde noviembre pasado, se\u00f1al\u00f3 en varias ocasiones su intenci\u00f3n de abrir un \u00abnuevo ciclo\u00bb con Chile, con una agenda sobre todo econ\u00f3mica y comercial, sin dejar de lado la aspiraci\u00f3n mar\u00edtima de su pa\u00eds.<\/p>\n<h4 class=\"wp-block-heading\"><strong>Recomendamos leer:<a href=\"https:\/\/deultimominuto.net\/enlaces\/\" data-type=\"page\" data-id=\"491852\"> Bolivia inicia la conmemoraci\u00f3n de los 147 a\u00f1os de la p\u00e9rdida de su acceso al mar<\/a><\/strong><a href=\"https:\/\/deultimominuto.net\/category\/internacionales\/\"><\/a><\/h4>\n<h3 class=\"wp-block-heading\"><strong>Agenda positiva<\/strong><\/h3>\n<p>Mientras que la Canciller\u00eda chilena destac\u00f3 que desde la llegada de Jos\u00e9 Antonio Kast al Gobierno de ese pa\u00eds en marzo, la relaci\u00f3n entre Chile y Bolivia \u00abha evolucionado hacia una agenda positiva, contribuyendo a la reconstrucci\u00f3n de las confianzas\u00bb.<\/p>\n<p>El ministro P\u00e9rez Mackenna lider\u00f3 la semana pasada una delegaci\u00f3n de funcionarios y empresarios chilenos que entre el jueves y viernes se reunieron con sus pares en La Paz y en la ciudad oriental de Santa Cruz, la m\u00e1s poblada y el motor econ\u00f3mico de Bolivia.<\/p>\n<p>En un comunicado conjunto tras el encuentro en La Paz, los cancilleres destacaron que \u00abes posible avanzar hacia la normalizaci\u00f3n de las relaciones diplom\u00e1ticas de manera constructiva y propositiva\u00bb.<\/p>\n<p>Aramayo mencion\u00f3 esta jornada que se ir\u00e1 \u00absembrando un camino que sea conducente al restablecimiento de relaciones diplom\u00e1ticas\u00bb, pero \u00absin negar los intereses leg\u00edtimos del Estado boliviano\u00bb, ni \u00abaspectos fundamentales como la reivindicaci\u00f3n mar\u00edtima\u00bb.<\/p>\n<p><a href=\"https:\/\/whatsapp.com\/channel\/0029VayTEv30AgW3vHZ95u1T\" target=\"_blank\" rel=\"noreferrer noopener\"><\/a><\/p>\n<p>\u200bLa Paz.- El canciller de Bolivia, Fernando Aramayo, calific\u00f3 este mi\u00e9rcoles como un \u00ablogro hist\u00f3rico\u00bb la visita efectuada la semana pasada por su hom\u00f3logo de Chile, Francisco P\u00e9rez Mackenna, aunque reconoci\u00f3 que el restablecimiento pleno de las relaciones entre ambos pa\u00edses \u00abtodav\u00eda va a tomar tiempo\u00bb. El ministro dijo a los medios en La Paz\u00a0\u00a0Internacionales, boliva, Chile, El canciller\u00a0\u00a0<\/p>\n","protected":false},"excerpt":{"rendered":"<p>La Paz.- El canciller de Bolivia, Fernando Aramayo, calific\u00f3 este mi\u00e9rcoles como un \u00ablogro hist\u00f3rico\u00bb la visita efectuada la semana pasada por su hom\u00f3logo de Chile, Francisco P\u00e9rez Mackenna, aunque reconoci\u00f3 que el restablecimiento pleno de las relaciones entre ambos pa\u00edses \u00abtodav\u00eda va a tomar tiempo\u00bb. El ministro dijo a los medios en La Paz [&hellip;]<\/p>\n","protected":false},"author":1,"featured_media":26377,"comment_status":"open","ping_status":"open","sticky":false,"template":"","format":"standard","meta":{"amp_status":"","footnotes":""},"categories":[3],"tags":[],"class_list":["post-26376","post","type-post","status-publish","format-standard","has-post-thumbnail","hentry","category-de-ultimo-minuto"],"_links":{"self":[{"href":"https:\/\/ermdigital.com\/index.php?rest_route=\/wp\/v2\/posts\/26376","targetHints":{"allow":["GET"]}}],"collection":[{"href":"https:\/\/ermdigital.com\/index.php?rest_route=\/wp\/v2\/posts"}],"about":[{"href":"https:\/\/ermdigital.com\/index.php?rest_route=\/wp\/v2\/types\/post"}],"author":[{"embeddable":true,"href":"https:\/\/ermdigital.com\/index.php?rest_route=\/wp\/v2\/users\/1"}],"replies":[{"embeddable":true,"href":"https:\/\/ermdigital.com\/index.php?rest_route=%2Fwp%2Fv2%2Fcomments&post=26376"}],"version-history":[{"count":0,"href":"https:\/\/ermdigital.com\/index.php?rest_route=\/wp\/v2\/posts\/26376\/revisions"}],"wp:featuredmedia":[{"embeddable":true,"href":"https:\/\/ermdigital.com\/index.php?rest_route=\/wp\/v2\/media\/26377"}],"wp:attachment":[{"href":"https:\/\/ermdigital.com\/index.php?rest_route=%2Fwp%2Fv2%2Fmedia&parent=26376"}],"wp:term":[{"taxonomy":"category","embeddable":true,"href":"https:\/\/ermdigital.com\/index.php?rest_route=%2Fwp%2Fv2%2Fcategories&post=26376"},{"taxonomy":"post_tag","embeddable":true,"href":"https:\/\/ermdigital.com\/index.php?rest_route=%2Fwp%2Fv2%2Ftags&post=26376"}],"curies":[{"name":"wp","href":"https:\/\/api.w.org\/{rel}","templated":true}]}}