{"id":26374,"date":"2026-04-29T23:03:52","date_gmt":"2026-04-30T03:03:52","guid":{"rendered":"https:\/\/ermdigital.com\/?p=26374"},"modified":"2026-04-29T23:03:52","modified_gmt":"2026-04-30T03:03:52","slug":"digesett-refuerza-labores-de-transito-en-la-vega-tras-fuertes-lluvias","status":"publish","type":"post","link":"https:\/\/ermdigital.com\/?p=26374","title":{"rendered":"DIGESETT refuerza labores de tr\u00e1nsito en La Vega tras fuertes lluvias"},"content":{"rendered":"<p><strong>La Vega.\u2013<\/strong> Miembros de la Direcci\u00f3n General de Seguridad de Tr\u00e1nsito y Transporte Terrestre (DIGESETT) realizaron labores de viabilizaci\u00f3n y control del tr\u00e1nsito en la avenida Rivas, sector Jerem\u00edas, tras las fuertes lluvias registradas este martes en esta ciudad.<\/p>\n<p>Los agentes fueron desplegados en la zona con el objetivo de agilizar la circulaci\u00f3n vehicular, prevenir accidentes y ofrecer asistencia a conductores ante las condiciones generadas por las precipitaciones.<\/p>\n<h4 class=\"wp-block-heading\"><strong>Recomendamos leer:<a href=\"https:\/\/deultimominuto.net\/enlaces\/\" data-type=\"page\" data-id=\"491852\"> DIGESETT realiza jornada preventiva por uso inadecuado de luces en coordinaci\u00f3n con la Polic\u00eda<\/a><\/strong><a href=\"https:\/\/deultimominuto.net\/category\/nacionales\/\"><\/a><\/h4>\n<p>Estas acciones forman parte del compromiso de las autoridades de tr\u00e1nsito de mantener el orden y garantizar la seguridad vial, especialmente en situaciones derivadas de fen\u00f3menos atmosf\u00e9ricos.<\/p>\n<p>\u200bLa Vega.\u2013 Miembros de la Direcci\u00f3n General de Seguridad de Tr\u00e1nsito y Transporte Terrestre (DIGESETT) realizaron labores de viabilizaci\u00f3n y control del tr\u00e1nsito en la avenida Rivas, sector Jerem\u00edas, tras las fuertes lluvias registradas este martes en esta ciudad. Los agentes fueron desplegados en la zona con el objetivo de agilizar la circulaci\u00f3n vehicular, prevenir\u00a0\u00a0Nacionales, Digesett, lluvias\u00a0\u00a0<\/p>\n","protected":false},"excerpt":{"rendered":"<p>La Vega.\u2013 Miembros de la Direcci\u00f3n General de Seguridad de Tr\u00e1nsito y Transporte Terrestre (DIGESETT) realizaron labores de viabilizaci\u00f3n y control del tr\u00e1nsito en la avenida Rivas, sector Jerem\u00edas, tras las fuertes lluvias registradas este martes en esta ciudad. Los agentes fueron desplegados en la zona con el objetivo de agilizar la circulaci\u00f3n vehicular, prevenir [&hellip;]<\/p>\n","protected":false},"author":1,"featured_media":26375,"comment_status":"open","ping_status":"open","sticky":false,"template":"","format":"standard","meta":{"amp_status":"","footnotes":""},"categories":[3],"tags":[],"class_list":["post-26374","post","type-post","status-publish","format-standard","has-post-thumbnail","hentry","category-de-ultimo-minuto"],"_links":{"self":[{"href":"https:\/\/ermdigital.com\/index.php?rest_route=\/wp\/v2\/posts\/26374","targetHints":{"allow":["GET"]}}],"collection":[{"href":"https:\/\/ermdigital.com\/index.php?rest_route=\/wp\/v2\/posts"}],"about":[{"href":"https:\/\/ermdigital.com\/index.php?rest_route=\/wp\/v2\/types\/post"}],"author":[{"embeddable":true,"href":"https:\/\/ermdigital.com\/index.php?rest_route=\/wp\/v2\/users\/1"}],"replies":[{"embeddable":true,"href":"https:\/\/ermdigital.com\/index.php?rest_route=%2Fwp%2Fv2%2Fcomments&post=26374"}],"version-history":[{"count":0,"href":"https:\/\/ermdigital.com\/index.php?rest_route=\/wp\/v2\/posts\/26374\/revisions"}],"wp:featuredmedia":[{"embeddable":true,"href":"https:\/\/ermdigital.com\/index.php?rest_route=\/wp\/v2\/media\/26375"}],"wp:attachment":[{"href":"https:\/\/ermdigital.com\/index.php?rest_route=%2Fwp%2Fv2%2Fmedia&parent=26374"}],"wp:term":[{"taxonomy":"category","embeddable":true,"href":"https:\/\/ermdigital.com\/index.php?rest_route=%2Fwp%2Fv2%2Fcategories&post=26374"},{"taxonomy":"post_tag","embeddable":true,"href":"https:\/\/ermdigital.com\/index.php?rest_route=%2Fwp%2Fv2%2Ftags&post=26374"}],"curies":[{"name":"wp","href":"https:\/\/api.w.org\/{rel}","templated":true}]}}